{"id":1350,"date":"2007-07-26T00:00:00","date_gmt":"2007-07-25T22:00:00","guid":{"rendered":"http:\/\/ifmarinvast.se\/2016\/infor-sista-etappen\/"},"modified":"2015-10-11T14:39:38","modified_gmt":"2015-10-11T12:39:38","slug":"infor-sista-etappen","status":"publish","type":"post","link":"https:\/\/www.ifmarinvast.se\/orientering\/infor-sista-etappen\/","title":{"rendered":"Inf\u00f6r sista etappen!"},"content":{"rendered":"<p>Imorgon \u00e4r det fredag och dags f\u00f6r sista etappen av \u00e5rets O-Ringen.<\/p>\n<p>Sista etappen inneb\u00e4r jaktstart f\u00f6r de flesta. En jaktstart inneb\u00e4r att man startar s\u00e5 l\u00e5ng tid efter f\u00f6rste man som man ligger efter i det totala resultatet.<\/p>\n<p>Linda ligger tex 1:28:30 efter ledarinnan i sin klass. Det inneb\u00e4r att Linda kommer att starta 1:28:30 efter f\u00f6rsta start i D21 elit imorgon.<\/p>\n<p>Det som g\u00f6r denna startprocedur sp\u00e4nnande \u00e4r att den som vinner imorgon vinner allt. Inga mer tider att l\u00e4gga ihop och resultat att r\u00e4kan ut, allt \u00e4r redan ordnat emd hj\u00e4lp av starttiden. Den som g\u00e5r im\u00e5l f\u00f6rst imorgon vinner sin klass.<\/p>\n<p>D\u00e4rf\u00f6r kan det bli en hel del viktiga spurtstrider imorgon.<\/p>\n<p>Inf\u00f6r morgondagen ser IF Marin V\u00e4sts uppst\u00e4llning ut som f\u00f6ljer:<br \/>Linda Martinsson 1:28:30<br \/>Jan Fonselius 2:02:24<br \/>Staffan Broberg 1:44:15<br \/>Anders Jonsson 1:17:26<\/p>\n<p>Klubbinternt blir det allts\u00e5 mycket sp\u00e4nnande att se om Jan kan springa in de ca arton minuterna p\u00e5 Staffan. Det \u00e4r inte alls om\u00f6jligt!<\/p>\n<p><strong>Starttider etapp 5<\/strong><br \/>Om resultaten inte \u00e4ndrar sig och jag inte r\u00e4knat fel \u00e4r detta starttiderna f\u00f6r morgondagens jaktstart:<br \/>Linda 12:48:30<br \/>Staffan 12:52:24<br \/>Jan 13:34:15<\/p>\n<p>\u00d6vriga l\u00f6pare i klubben har fri start.<\/p>\n<p>Efter lunch imorgon \u00e4r det allts\u00e5 dags att b\u00e4nka sig framf\u00f6r webbs\u00e4ndningen och inv\u00e4nta v\u00e5ra l\u00f6pare. Strax innan tv\u00e5 b\u00f6r vi ha en chans att se Linda som springer knappt sju kilometer imorgon. Staffan och Jan b\u00f6r ocks\u00e5 komma omkring klockan tv\u00e5.<\/p>\n<p><strong>Lycka till alla i Mj\u00f6lby!<\/strong><\/p>\n","protected":false},"excerpt":{"rendered":"<p>Imorgon \u00e4r det fredag och dags f\u00f6r sista etappen av \u00e5rets O-Ringen. Sista etappen inneb\u00e4r jaktstart f\u00f6r de flesta. En jaktstart inneb\u00e4r att man startar s\u00e5 l\u00e5ng tid efter f\u00f6rste [&hellip;]<\/p>\n","protected":false},"author":2,"featured_media":0,"comment_status":"open","ping_status":"open","sticky":false,"template":"","format":"standard","meta":{"footnotes":""},"categories":[262,1],"tags":[],"class_list":["post-1350","post","type-post","status-publish","format-standard","hentry","category-nyheter","category-okategoriserade"],"_links":{"self":[{"href":"https:\/\/www.ifmarinvast.se\/orientering\/wp-json\/wp\/v2\/posts\/1350","targetHints":{"allow":["GET"]}}],"collection":[{"href":"https:\/\/www.ifmarinvast.se\/orientering\/wp-json\/wp\/v2\/posts"}],"about":[{"href":"https:\/\/www.ifmarinvast.se\/orientering\/wp-json\/wp\/v2\/types\/post"}],"author":[{"embeddable":true,"href":"https:\/\/www.ifmarinvast.se\/orientering\/wp-json\/wp\/v2\/users\/2"}],"replies":[{"embeddable":true,"href":"https:\/\/www.ifmarinvast.se\/orientering\/wp-json\/wp\/v2\/comments?post=1350"}],"version-history":[{"count":1,"href":"https:\/\/www.ifmarinvast.se\/orientering\/wp-json\/wp\/v2\/posts\/1350\/revisions"}],"predecessor-version":[{"id":1997,"href":"https:\/\/www.ifmarinvast.se\/orientering\/wp-json\/wp\/v2\/posts\/1350\/revisions\/1997"}],"wp:attachment":[{"href":"https:\/\/www.ifmarinvast.se\/orientering\/wp-json\/wp\/v2\/media?parent=1350"}],"wp:term":[{"taxonomy":"category","embeddable":true,"href":"https:\/\/www.ifmarinvast.se\/orientering\/wp-json\/wp\/v2\/categories?post=1350"},{"taxonomy":"post_tag","embeddable":true,"href":"https:\/\/www.ifmarinvast.se\/orientering\/wp-json\/wp\/v2\/tags?post=1350"}],"curies":[{"name":"wp","href":"https:\/\/api.w.org\/{rel}","templated":true}]}}