{"id":1349,"date":"2007-07-26T00:00:00","date_gmt":"2007-07-25T22:00:00","guid":{"rendered":"http:\/\/ifmarinvast.se\/2016\/mera-ras-och-raket\/"},"modified":"2015-10-11T14:39:38","modified_gmt":"2015-10-11T12:39:38","slug":"mera-ras-och-raket","status":"publish","type":"post","link":"https:\/\/www.ifmarinvast.se\/orientering\/mera-ras-och-raket\/","title":{"rendered":"Mera ras och raket"},"content":{"rendered":"<p>N\u00e4r vi \u00e4nd\u00e5 h\u00e5ller p\u00e5 (och eftersom jag hade en dags bakl\u00e4xa p\u00e5 rasen och raketerna) tar vi torsdagens resultat ocks\u00e5.<\/p>\n<p>Jag hoppas att det inte kommer in n\u00e5gra fler l\u00f6par nu, klockan \u00e4r n\u00e4stan fyra p\u00e5 eftermiddagen.<\/p>\n<p>Linda tog en placering idag, Staffan tog fyra och Anders tog tv\u00e5.<\/p>\n<p>Margareta och Kerstin som blev ras ig\u00e5r blev ist\u00e4llet raketer idag, 15 placeringar b\u00e4ttre \u00e4n ig\u00e5r.<\/p>\n<p>Jan plockade hela \u00e5tta placeringar och blir d\u00e4rmed dagens raket!<\/p>\n<p><img src='pic\/uploaded\/etapp4.jpg' \/><\/p>\n","protected":false},"excerpt":{"rendered":"<p>N\u00e4r vi \u00e4nd\u00e5 h\u00e5ller p\u00e5 (och eftersom jag hade en dags bakl\u00e4xa p\u00e5 rasen och raketerna) tar vi torsdagens resultat ocks\u00e5. Jag hoppas att det inte kommer in n\u00e5gra fler [&hellip;]<\/p>\n","protected":false},"author":2,"featured_media":0,"comment_status":"open","ping_status":"open","sticky":false,"template":"","format":"standard","meta":{"footnotes":""},"categories":[262,1],"tags":[],"class_list":["post-1349","post","type-post","status-publish","format-standard","hentry","category-nyheter","category-okategoriserade"],"_links":{"self":[{"href":"https:\/\/www.ifmarinvast.se\/orientering\/wp-json\/wp\/v2\/posts\/1349","targetHints":{"allow":["GET"]}}],"collection":[{"href":"https:\/\/www.ifmarinvast.se\/orientering\/wp-json\/wp\/v2\/posts"}],"about":[{"href":"https:\/\/www.ifmarinvast.se\/orientering\/wp-json\/wp\/v2\/types\/post"}],"author":[{"embeddable":true,"href":"https:\/\/www.ifmarinvast.se\/orientering\/wp-json\/wp\/v2\/users\/2"}],"replies":[{"embeddable":true,"href":"https:\/\/www.ifmarinvast.se\/orientering\/wp-json\/wp\/v2\/comments?post=1349"}],"version-history":[{"count":1,"href":"https:\/\/www.ifmarinvast.se\/orientering\/wp-json\/wp\/v2\/posts\/1349\/revisions"}],"predecessor-version":[{"id":1996,"href":"https:\/\/www.ifmarinvast.se\/orientering\/wp-json\/wp\/v2\/posts\/1349\/revisions\/1996"}],"wp:attachment":[{"href":"https:\/\/www.ifmarinvast.se\/orientering\/wp-json\/wp\/v2\/media?parent=1349"}],"wp:term":[{"taxonomy":"category","embeddable":true,"href":"https:\/\/www.ifmarinvast.se\/orientering\/wp-json\/wp\/v2\/categories?post=1349"},{"taxonomy":"post_tag","embeddable":true,"href":"https:\/\/www.ifmarinvast.se\/orientering\/wp-json\/wp\/v2\/tags?post=1349"}],"curies":[{"name":"wp","href":"https:\/\/api.w.org\/{rel}","templated":true}]}}