{"id":1348,"date":"2007-07-26T00:00:00","date_gmt":"2007-07-25T22:00:00","guid":{"rendered":"http:\/\/ifmarinvast.se\/2016\/onsdagens-ras-och-raket\/"},"modified":"2015-10-11T14:39:37","modified_gmt":"2015-10-11T12:39:37","slug":"onsdagens-ras-och-raket","status":"publish","type":"post","link":"https:\/\/www.ifmarinvast.se\/orientering\/onsdagens-ras-och-raket\/","title":{"rendered":"Onsdagens ras och raket"},"content":{"rendered":"<p>Ig\u00e5r hade vi en fin dag resultatm\u00e4ssigt. De flesta kl\u00e4ttrade n\u00e5got och Anders l\u00e5g kvar p\u00e5 sin 11:e-plats.<\/p>\n<p>Margareta och Kerstin tappade dock en hel del, men de har ju som sagt inget sammanlagt resultat vid direktanm\u00e4lan s\u00e5 det blir ju automatiskt lite mer variationer i dessa klasser.<\/p>\n<p>Linda gjorde b\u00e4st ifr\u00e5n sig genom att kl\u00e4ttra tre placeringar. Och vi skall ju ta h\u00e4nsyn till att det blir sv\u00e5rare och sv\u00e5rare att kl\u00e4ttra ju l\u00e4ngre veckan g\u00e5r eftersom resultatet stabiliserar sig mer och mer. <strong>Linda blir med detta g\u00e5rdagens raket.<\/strong><\/p>\n<p><strong>Kerstin och Margareta<\/strong> kom 33 placeringar s\u00e4mre \u00e4n p\u00e5 tisdagen och blir d\u00e4rmed dubbla rasare.<\/p>\n<p><strong>Grattis, grattis till er alla tre!<\/strong><\/p>\n<p><img src='pic\/uploaded\/etapp3.jpg' \/><\/p>\n","protected":false},"excerpt":{"rendered":"<p>Ig\u00e5r hade vi en fin dag resultatm\u00e4ssigt. De flesta kl\u00e4ttrade n\u00e5got och Anders l\u00e5g kvar p\u00e5 sin 11:e-plats. Margareta och Kerstin tappade dock en hel del, men de har ju [&hellip;]<\/p>\n","protected":false},"author":2,"featured_media":0,"comment_status":"open","ping_status":"open","sticky":false,"template":"","format":"standard","meta":{"footnotes":""},"categories":[262,1],"tags":[],"class_list":["post-1348","post","type-post","status-publish","format-standard","hentry","category-nyheter","category-okategoriserade"],"_links":{"self":[{"href":"https:\/\/www.ifmarinvast.se\/orientering\/wp-json\/wp\/v2\/posts\/1348","targetHints":{"allow":["GET"]}}],"collection":[{"href":"https:\/\/www.ifmarinvast.se\/orientering\/wp-json\/wp\/v2\/posts"}],"about":[{"href":"https:\/\/www.ifmarinvast.se\/orientering\/wp-json\/wp\/v2\/types\/post"}],"author":[{"embeddable":true,"href":"https:\/\/www.ifmarinvast.se\/orientering\/wp-json\/wp\/v2\/users\/2"}],"replies":[{"embeddable":true,"href":"https:\/\/www.ifmarinvast.se\/orientering\/wp-json\/wp\/v2\/comments?post=1348"}],"version-history":[{"count":1,"href":"https:\/\/www.ifmarinvast.se\/orientering\/wp-json\/wp\/v2\/posts\/1348\/revisions"}],"predecessor-version":[{"id":1995,"href":"https:\/\/www.ifmarinvast.se\/orientering\/wp-json\/wp\/v2\/posts\/1348\/revisions\/1995"}],"wp:attachment":[{"href":"https:\/\/www.ifmarinvast.se\/orientering\/wp-json\/wp\/v2\/media?parent=1348"}],"wp:term":[{"taxonomy":"category","embeddable":true,"href":"https:\/\/www.ifmarinvast.se\/orientering\/wp-json\/wp\/v2\/categories?post=1348"},{"taxonomy":"post_tag","embeddable":true,"href":"https:\/\/www.ifmarinvast.se\/orientering\/wp-json\/wp\/v2\/tags?post=1348"}],"curies":[{"name":"wp","href":"https:\/\/api.w.org\/{rel}","templated":true}]}}