{"id":1347,"date":"2007-07-24T00:00:00","date_gmt":"2007-07-23T22:00:00","guid":{"rendered":"http:\/\/ifmarinvast.se\/2016\/bilder-fran-andra-etappen\/"},"modified":"2015-10-11T14:39:38","modified_gmt":"2015-10-11T12:39:38","slug":"bilder-fran-andra-etappen","status":"publish","type":"post","link":"https:\/\/www.ifmarinvast.se\/orientering\/bilder-fran-andra-etappen\/","title":{"rendered":"Bilder fr\u00e5n andra etappen"},"content":{"rendered":"<p><img src='http:\/\/www.ifmv.se\/files\/uploaded\/DSC_2323.jpg' width='285' height='61' alt='' \/><br \/><em>Andra etappen hette Mj\u00f6lbyetappen, inte tex Mohedsetappen.<\/em><\/p>\n<p><img src='http:\/\/www.ifmv.se\/files\/uploaded\/DSC_2348.jpg' width='285' height='363' alt='' \/><br \/><em>Typisk orienteringsst\u00e4llning<\/em><\/p>\n<p><img src='http:\/\/www.ifmv.se\/files\/uploaded\/DSC_2353.jpg' width='285' height='346' alt='' \/><br \/><em>Staffan laddar f\u00f6r att sl\u00e5 Jan, vilket han gjorde rej\u00e4lt denna dag.<\/em><\/p>\n<p><img src='http:\/\/www.ifmv.se\/files\/uploaded\/DSC_2397.jpg' width='285' height='277' alt='' \/><br \/><em>Martin kom upp p\u00e5 tisdagen och b\u00f6rjade stenh\u00e5rt med en \u00d6ppen 9, men lyckades inte riktigt sl\u00e5 Anders som var i toppform.<\/em><\/p>\n<p><img src='http:\/\/www.ifmv.se\/files\/uploaded\/DSC_2402.jpg' width='285' height='418' alt='' \/><br \/><em>Jan ber\u00e4ttar om dagens lopp f\u00f6r Margareta.<\/em><\/p>\n","protected":false},"excerpt":{"rendered":"<p>Andra etappen hette Mj\u00f6lbyetappen, inte tex Mohedsetappen. Typisk orienteringsst\u00e4llning Staffan laddar f\u00f6r att sl\u00e5 Jan, vilket han gjorde rej\u00e4lt denna dag. Martin kom upp p\u00e5 tisdagen och b\u00f6rjade stenh\u00e5rt med [&hellip;]<\/p>\n","protected":false},"author":2,"featured_media":0,"comment_status":"open","ping_status":"open","sticky":false,"template":"","format":"standard","meta":{"footnotes":""},"categories":[262,1],"tags":[],"class_list":["post-1347","post","type-post","status-publish","format-standard","hentry","category-nyheter","category-okategoriserade"],"_links":{"self":[{"href":"https:\/\/www.ifmarinvast.se\/orientering\/wp-json\/wp\/v2\/posts\/1347","targetHints":{"allow":["GET"]}}],"collection":[{"href":"https:\/\/www.ifmarinvast.se\/orientering\/wp-json\/wp\/v2\/posts"}],"about":[{"href":"https:\/\/www.ifmarinvast.se\/orientering\/wp-json\/wp\/v2\/types\/post"}],"author":[{"embeddable":true,"href":"https:\/\/www.ifmarinvast.se\/orientering\/wp-json\/wp\/v2\/users\/2"}],"replies":[{"embeddable":true,"href":"https:\/\/www.ifmarinvast.se\/orientering\/wp-json\/wp\/v2\/comments?post=1347"}],"version-history":[{"count":1,"href":"https:\/\/www.ifmarinvast.se\/orientering\/wp-json\/wp\/v2\/posts\/1347\/revisions"}],"predecessor-version":[{"id":3044,"href":"https:\/\/www.ifmarinvast.se\/orientering\/wp-json\/wp\/v2\/posts\/1347\/revisions\/3044"}],"wp:attachment":[{"href":"https:\/\/www.ifmarinvast.se\/orientering\/wp-json\/wp\/v2\/media?parent=1347"}],"wp:term":[{"taxonomy":"category","embeddable":true,"href":"https:\/\/www.ifmarinvast.se\/orientering\/wp-json\/wp\/v2\/categories?post=1347"},{"taxonomy":"post_tag","embeddable":true,"href":"https:\/\/www.ifmarinvast.se\/orientering\/wp-json\/wp\/v2\/tags?post=1347"}],"curies":[{"name":"wp","href":"https:\/\/api.w.org\/{rel}","templated":true}]}}