{"id":1345,"date":"2007-07-24T00:00:00","date_gmt":"2007-07-23T22:00:00","guid":{"rendered":"http:\/\/ifmarinvast.se\/2016\/ras-och-raket\/"},"modified":"2015-10-11T14:39:38","modified_gmt":"2015-10-11T12:39:38","slug":"ras-och-raket","status":"publish","type":"post","link":"https:\/\/www.ifmarinvast.se\/orientering\/ras-och-raket\/","title":{"rendered":"Ras och raket"},"content":{"rendered":"<p>Nu n\u00e4r resultaten kommit upp p\u00e5 n\u00e4tet kan vi sammanfatta IF Marin V\u00e4sts resultat p\u00e5 f\u00f6rsta etappen av O-Ringen.<\/p>\n<p>Ni som har varit med p\u00e5 O-Ringen tidigare \u00e5r vet att vi brukar ha tv\u00e5 tr\u00f6jor som visar vem som \u00e4r dagens <strong>ras<\/strong> och vem som \u00e4r dagens <strong>raket<\/strong>.<\/p>\n<p>Dagens ras blir den l\u00f6pare som tappat flest placering fr\u00e5n g\u00e5rdagen och vice versa blir den som kl\u00e4ttrat mest dagens raket.<\/p>\n<p>Efter varje t\u00e4vling hamnar l\u00f6paren p\u00e5 en placering i resultatlistan och det \u00e4r denna placering vi r\u00e4knar med.<\/p>\n<p>Eftersom v\u00e5ra l\u00f6pare uppe i <strong>Mj\u00f6lby<\/strong> har fullt upp med att vada i lera och \u00e4ta pastasallad har hela resultathanteringen lagts ut p\u00e5 entreprenad. Och entrepren\u00f6ren \u00e4r jag.<\/p>\n<p><strong>Resultaten f\u00f6r etapp 1<\/strong><br \/>(placering, l\u00f6pare i klassen, l\u00f6pare)<\/p>\n<p>36 (39) Margareta Petersson<br \/>37 (39) Kerstin Ahlquist<br \/>47 (57) Linda Martinsson<br \/>49 (72) Anders Jonsson<br \/>168 (184) Jan Fonselius<br \/>169 (184) Staffan Broberg<\/p>\n<p>Detta inneb\u00e4r att m\u00e5ndagens raket \u00e4r Margareta eftersom hon har den h\u00f6gsta placeringen och m\u00e5ndagens ras \u00e4r Kerstin eftersom hon bara \u00e4r tv\u00e5 placeringar fr\u00e5n slutet.<\/p>\n<p>Ett mycket intressant resultat eftersom Kerstin och Margareta springer alla t\u00e4vlingar, \u00e4ven denna, <em>tillsammans<\/em>.<\/p>\n<p>Tisdagens ras och raket blir naturligtvis mycket intressantare eftersom vi har ett personligt resultat att j\u00e4mf\u00f6ra med. Jag hoppas att resultaten skall komma upp p\u00e5 n\u00e4tet lite snabbare idag s\u00e5 att vi hinner g\u00f6ra en utr\u00e4kning i kv\u00e4ll.<\/p>\n<p><center><strong>Stort grattis till Margareta och Kerstin!<\/strong><\/center><\/p>\n<p><img src='\/pic\/uploaded\/DSC_2327.JPG' \/><br \/><em>Kerstin och Margareta p\u00e5 andra etappen.<\/em><\/p>\n","protected":false},"excerpt":{"rendered":"<p>Nu n\u00e4r resultaten kommit upp p\u00e5 n\u00e4tet kan vi sammanfatta IF Marin V\u00e4sts resultat p\u00e5 f\u00f6rsta etappen av O-Ringen. Ni som har varit med p\u00e5 O-Ringen tidigare \u00e5r vet att [&hellip;]<\/p>\n","protected":false},"author":2,"featured_media":0,"comment_status":"open","ping_status":"open","sticky":false,"template":"","format":"standard","meta":{"footnotes":""},"categories":[262,1],"tags":[],"class_list":["post-1345","post","type-post","status-publish","format-standard","hentry","category-nyheter","category-okategoriserade"],"_links":{"self":[{"href":"https:\/\/www.ifmarinvast.se\/orientering\/wp-json\/wp\/v2\/posts\/1345","targetHints":{"allow":["GET"]}}],"collection":[{"href":"https:\/\/www.ifmarinvast.se\/orientering\/wp-json\/wp\/v2\/posts"}],"about":[{"href":"https:\/\/www.ifmarinvast.se\/orientering\/wp-json\/wp\/v2\/types\/post"}],"author":[{"embeddable":true,"href":"https:\/\/www.ifmarinvast.se\/orientering\/wp-json\/wp\/v2\/users\/2"}],"replies":[{"embeddable":true,"href":"https:\/\/www.ifmarinvast.se\/orientering\/wp-json\/wp\/v2\/comments?post=1345"}],"version-history":[{"count":1,"href":"https:\/\/www.ifmarinvast.se\/orientering\/wp-json\/wp\/v2\/posts\/1345\/revisions"}],"predecessor-version":[{"id":1993,"href":"https:\/\/www.ifmarinvast.se\/orientering\/wp-json\/wp\/v2\/posts\/1345\/revisions\/1993"}],"wp:attachment":[{"href":"https:\/\/www.ifmarinvast.se\/orientering\/wp-json\/wp\/v2\/media?parent=1345"}],"wp:term":[{"taxonomy":"category","embeddable":true,"href":"https:\/\/www.ifmarinvast.se\/orientering\/wp-json\/wp\/v2\/categories?post=1345"},{"taxonomy":"post_tag","embeddable":true,"href":"https:\/\/www.ifmarinvast.se\/orientering\/wp-json\/wp\/v2\/tags?post=1345"}],"curies":[{"name":"wp","href":"https:\/\/api.w.org\/{rel}","templated":true}]}}