{"id":1342,"date":"2007-07-23T00:00:00","date_gmt":"2007-07-22T22:00:00","guid":{"rendered":"http:\/\/ifmarinvast.se\/2016\/klimatet-i-strikemohed-strike-mjolby\/"},"modified":"2015-10-11T14:39:53","modified_gmt":"2015-10-11T12:39:53","slug":"klimatet-i-mjolby","status":"publish","type":"post","link":"https:\/\/www.ifmarinvast.se\/orientering\/klimatet-i-mjolby\/","title":{"rendered":"Klimatet i Mj\u00f6lby"},"content":{"rendered":"<p>Efter att ha suttit och f\u00f6ljt webbs\u00e4ndningarna fr\u00e5n O-Ringen inser man att det \u00e4r och kommer att bli ganska bl\u00f6tt i omr\u00e5det. B\u00e5de idag och under veckan.<\/p>\n<p>Det \u00e4r ett st\u00e4ndigt fallande regn och en mycket gr\u00e5 himmel. F\u00e5llornas lera blir djupare och djupare ju l\u00e4ngre in p\u00e5 eftermiddagen vi kommer.<\/p>\n<p>I \u00e5r verkar det som kartornas plastfickor har rationaliserats bort helt och h\u00e5llet och pappret som kartorna \u00e4r tryckta p\u00e5 skall ist\u00e4llet vara vattenfast.<\/p>\n<p>Vi f\u00e5r se om vi f\u00e5r kontakt med n\u00e5gon l\u00f6pare senare i kv\u00e4ll eller i morgon f\u00f6r att h\u00f6ra hur bra detta fungerar egentligen.<\/p>\n<p><img loading=\"lazy\" decoding=\"async\" src=\"http:\/\/www.ifmv.se\/files\/uploaded\/DSC_2276.jpg\" alt=\"\" width=\"285\" height=\"242\" \/><\/p>\n","protected":false},"excerpt":{"rendered":"<p>Efter att ha suttit och f\u00f6ljt webbs\u00e4ndningarna fr\u00e5n O-Ringen inser man att det \u00e4r och kommer att bli ganska bl\u00f6tt i omr\u00e5det. B\u00e5de idag och under veckan. Det \u00e4r ett [&hellip;]<\/p>\n","protected":false},"author":2,"featured_media":0,"comment_status":"open","ping_status":"open","sticky":false,"template":"","format":"standard","meta":{"footnotes":""},"categories":[262,1],"tags":[],"class_list":["post-1342","post","type-post","status-publish","format-standard","hentry","category-nyheter","category-okategoriserade"],"_links":{"self":[{"href":"https:\/\/www.ifmarinvast.se\/orientering\/wp-json\/wp\/v2\/posts\/1342","targetHints":{"allow":["GET"]}}],"collection":[{"href":"https:\/\/www.ifmarinvast.se\/orientering\/wp-json\/wp\/v2\/posts"}],"about":[{"href":"https:\/\/www.ifmarinvast.se\/orientering\/wp-json\/wp\/v2\/types\/post"}],"author":[{"embeddable":true,"href":"https:\/\/www.ifmarinvast.se\/orientering\/wp-json\/wp\/v2\/users\/2"}],"replies":[{"embeddable":true,"href":"https:\/\/www.ifmarinvast.se\/orientering\/wp-json\/wp\/v2\/comments?post=1342"}],"version-history":[{"count":2,"href":"https:\/\/www.ifmarinvast.se\/orientering\/wp-json\/wp\/v2\/posts\/1342\/revisions"}],"predecessor-version":[{"id":2046,"href":"https:\/\/www.ifmarinvast.se\/orientering\/wp-json\/wp\/v2\/posts\/1342\/revisions\/2046"}],"wp:attachment":[{"href":"https:\/\/www.ifmarinvast.se\/orientering\/wp-json\/wp\/v2\/media?parent=1342"}],"wp:term":[{"taxonomy":"category","embeddable":true,"href":"https:\/\/www.ifmarinvast.se\/orientering\/wp-json\/wp\/v2\/categories?post=1342"},{"taxonomy":"post_tag","embeddable":true,"href":"https:\/\/www.ifmarinvast.se\/orientering\/wp-json\/wp\/v2\/tags?post=1342"}],"curies":[{"name":"wp","href":"https:\/\/api.w.org\/{rel}","templated":true}]}}