{"id":1341,"date":"2007-07-23T00:00:00","date_gmt":"2007-07-22T22:00:00","guid":{"rendered":"http:\/\/ifmarinvast.se\/2016\/elitresultatet\/"},"modified":"2015-10-11T14:39:38","modified_gmt":"2015-10-11T12:39:38","slug":"elitresultatet","status":"publish","type":"post","link":"https:\/\/www.ifmarinvast.se\/orientering\/elitresultatet\/","title":{"rendered":"Elitresultatet"},"content":{"rendered":"<p>Linda g\u00e5r in p\u00e5 en 44:e-plats i D21 Elit n\u00e4r hon st\u00e4mplade in klockan halv tv\u00e5 p\u00e5 \u00e5rets f\u00f6rsta etapp.<\/p>\n<p>Det \u00e4r 79 l\u00f6pare i D21 Elit och vi kan nog misst\u00e4nka att Linda kommer kl\u00e4ttra en del under veckan. Just nu ligger hon drygt 23 minuter efter ledarinnan Erica Christensson fr\u00e5n Liding\u00f6s SOK.<\/p>\n<p><img src='http:\/\/www.ifmv.se\/files\/uploaded\/DSC_2291.jpg' width='285' height='194' alt='' \/><br \/><em>Linda lagar t\u00e4vlingsdr\u00e4kten efter f\u00f6rsta etappen.<\/em><\/p>\n","protected":false},"excerpt":{"rendered":"<p>Linda g\u00e5r in p\u00e5 en 44:e-plats i D21 Elit n\u00e4r hon st\u00e4mplade in klockan halv tv\u00e5 p\u00e5 \u00e5rets f\u00f6rsta etapp. Det \u00e4r 79 l\u00f6pare i D21 Elit och vi kan [&hellip;]<\/p>\n","protected":false},"author":2,"featured_media":0,"comment_status":"open","ping_status":"open","sticky":false,"template":"","format":"standard","meta":{"footnotes":""},"categories":[262,1],"tags":[],"class_list":["post-1341","post","type-post","status-publish","format-standard","hentry","category-nyheter","category-okategoriserade"],"_links":{"self":[{"href":"https:\/\/www.ifmarinvast.se\/orientering\/wp-json\/wp\/v2\/posts\/1341","targetHints":{"allow":["GET"]}}],"collection":[{"href":"https:\/\/www.ifmarinvast.se\/orientering\/wp-json\/wp\/v2\/posts"}],"about":[{"href":"https:\/\/www.ifmarinvast.se\/orientering\/wp-json\/wp\/v2\/types\/post"}],"author":[{"embeddable":true,"href":"https:\/\/www.ifmarinvast.se\/orientering\/wp-json\/wp\/v2\/users\/2"}],"replies":[{"embeddable":true,"href":"https:\/\/www.ifmarinvast.se\/orientering\/wp-json\/wp\/v2\/comments?post=1341"}],"version-history":[{"count":1,"href":"https:\/\/www.ifmarinvast.se\/orientering\/wp-json\/wp\/v2\/posts\/1341\/revisions"}],"predecessor-version":[{"id":1989,"href":"https:\/\/www.ifmarinvast.se\/orientering\/wp-json\/wp\/v2\/posts\/1341\/revisions\/1989"}],"wp:attachment":[{"href":"https:\/\/www.ifmarinvast.se\/orientering\/wp-json\/wp\/v2\/media?parent=1341"}],"wp:term":[{"taxonomy":"category","embeddable":true,"href":"https:\/\/www.ifmarinvast.se\/orientering\/wp-json\/wp\/v2\/categories?post=1341"},{"taxonomy":"post_tag","embeddable":true,"href":"https:\/\/www.ifmarinvast.se\/orientering\/wp-json\/wp\/v2\/tags?post=1341"}],"curies":[{"name":"wp","href":"https:\/\/api.w.org\/{rel}","templated":true}]}}