{"id":1335,"date":"2007-07-22T00:00:00","date_gmt":"2007-07-21T22:00:00","guid":{"rendered":"http:\/\/ifmarinvast.se\/2016\/o-ringen-borjar-pa-mandag\/"},"modified":"2015-10-11T14:39:54","modified_gmt":"2015-10-11T12:39:54","slug":"o-ringen-borjar-pa-mandag","status":"publish","type":"post","link":"https:\/\/www.ifmarinvast.se\/orientering\/o-ringen-borjar-pa-mandag\/","title":{"rendered":"O-Ringen b\u00f6rjar p\u00e5 m\u00e5ndag"},"content":{"rendered":"<p>Nu \u00e4r det bara n\u00e5gra timmar kvar till f\u00f6rsta starten i \u00e5rets O-Ringen.<\/p>\n<p>Fr\u00e5n klubben har vi f\u00f6ljande anm\u00e4lda l\u00f6pare:<br \/>Linda Martinsson i D21 Elit<br \/>Anders Jonsson i \u00d6ppen 9<br \/>Staffan Broberg i H50 Kort<br \/>Jan Fonselius i H50 Kort<\/p>\n<p>Ryktet s\u00e4ger att det \u00e4ven skall finnas n\u00e5gra ytterligare l\u00f6pare fr\u00e5n klubben p\u00e5 plats i Mj\u00f6lby. Imorgon n\u00e4r de f\u00f6rsta resultaten b\u00f6rjar komma l\u00e4r vi kunna f\u00e5 reda p\u00e5 vilka detta \u00e4r.<\/p>\n<p><img src='http:\/\/www.ifmv.nu\/pic\/uploaded\/DSC_2100.jpg' width='285' height='189' alt='' \/><br \/><em>Utanf\u00f6r husvagnen: Anders laddar f\u00f6r Mj\u00f6lbybes\u00f6k<\/em><\/p>\n","protected":false},"excerpt":{"rendered":"<p>Nu \u00e4r det bara n\u00e5gra timmar kvar till f\u00f6rsta starten i \u00e5rets O-Ringen. Fr\u00e5n klubben har vi f\u00f6ljande anm\u00e4lda l\u00f6pare:Linda Martinsson i D21 ElitAnders Jonsson i \u00d6ppen 9Staffan Broberg i [&hellip;]<\/p>\n","protected":false},"author":2,"featured_media":0,"comment_status":"open","ping_status":"open","sticky":false,"template":"","format":"standard","meta":{"footnotes":""},"categories":[262,1],"tags":[],"class_list":["post-1335","post","type-post","status-publish","format-standard","hentry","category-nyheter","category-okategoriserade"],"_links":{"self":[{"href":"https:\/\/www.ifmarinvast.se\/orientering\/wp-json\/wp\/v2\/posts\/1335","targetHints":{"allow":["GET"]}}],"collection":[{"href":"https:\/\/www.ifmarinvast.se\/orientering\/wp-json\/wp\/v2\/posts"}],"about":[{"href":"https:\/\/www.ifmarinvast.se\/orientering\/wp-json\/wp\/v2\/types\/post"}],"author":[{"embeddable":true,"href":"https:\/\/www.ifmarinvast.se\/orientering\/wp-json\/wp\/v2\/users\/2"}],"replies":[{"embeddable":true,"href":"https:\/\/www.ifmarinvast.se\/orientering\/wp-json\/wp\/v2\/comments?post=1335"}],"version-history":[{"count":1,"href":"https:\/\/www.ifmarinvast.se\/orientering\/wp-json\/wp\/v2\/posts\/1335\/revisions"}],"predecessor-version":[{"id":1984,"href":"https:\/\/www.ifmarinvast.se\/orientering\/wp-json\/wp\/v2\/posts\/1335\/revisions\/1984"}],"wp:attachment":[{"href":"https:\/\/www.ifmarinvast.se\/orientering\/wp-json\/wp\/v2\/media?parent=1335"}],"wp:term":[{"taxonomy":"category","embeddable":true,"href":"https:\/\/www.ifmarinvast.se\/orientering\/wp-json\/wp\/v2\/categories?post=1335"},{"taxonomy":"post_tag","embeddable":true,"href":"https:\/\/www.ifmarinvast.se\/orientering\/wp-json\/wp\/v2\/tags?post=1335"}],"curies":[{"name":"wp","href":"https:\/\/api.w.org\/{rel}","templated":true}]}}