{"id":1332,"date":"2007-07-02T00:00:00","date_gmt":"2007-07-01T22:00:00","guid":{"rendered":"http:\/\/ifmarinvast.se\/2016\/hallands-tredagars\/"},"modified":"2015-10-11T14:39:55","modified_gmt":"2015-10-11T12:39:55","slug":"hallands-tredagars","status":"publish","type":"post","link":"https:\/\/www.ifmarinvast.se\/orientering\/hallands-tredagars\/","title":{"rendered":"Hallands tredagars"},"content":{"rendered":"<p>Tv\u00e5 veckor kvar och sista ordinarie anm\u00e4lan till \u00e5rets upplaga av Hallands tredagars, <b>13-15 juli<\/b>! Se inbjudan i <a href='tavling'>t\u00e4vlingskalendern<\/a>.<\/p>\n<p>T\u00e4vlingen g\u00e5r i \u00e5r i Tv\u00e5\u00e5ker utanf\u00f6r Varberg. Ni som vill vara med men inte bo p\u00e5 camping hela helgen kan anm\u00e4la eller efteranm\u00e4la er till n\u00e5gon eller n\u00e5gra etapper, precis som till en vanlig t\u00e4vling, via T\u00e4vlingar i menyn.<\/p>\n","protected":false},"excerpt":{"rendered":"<p>Tv\u00e5 veckor kvar och sista ordinarie anm\u00e4lan till \u00e5rets upplaga av Hallands tredagars, 13-15 juli! Se inbjudan i t\u00e4vlingskalendern. T\u00e4vlingen g\u00e5r i \u00e5r i Tv\u00e5\u00e5ker utanf\u00f6r Varberg. Ni som vill [&hellip;]<\/p>\n","protected":false},"author":2,"featured_media":0,"comment_status":"open","ping_status":"open","sticky":false,"template":"","format":"standard","meta":{"footnotes":""},"categories":[262,1],"tags":[],"class_list":["post-1332","post","type-post","status-publish","format-standard","hentry","category-nyheter","category-okategoriserade"],"_links":{"self":[{"href":"https:\/\/www.ifmarinvast.se\/orientering\/wp-json\/wp\/v2\/posts\/1332","targetHints":{"allow":["GET"]}}],"collection":[{"href":"https:\/\/www.ifmarinvast.se\/orientering\/wp-json\/wp\/v2\/posts"}],"about":[{"href":"https:\/\/www.ifmarinvast.se\/orientering\/wp-json\/wp\/v2\/types\/post"}],"author":[{"embeddable":true,"href":"https:\/\/www.ifmarinvast.se\/orientering\/wp-json\/wp\/v2\/users\/2"}],"replies":[{"embeddable":true,"href":"https:\/\/www.ifmarinvast.se\/orientering\/wp-json\/wp\/v2\/comments?post=1332"}],"version-history":[{"count":1,"href":"https:\/\/www.ifmarinvast.se\/orientering\/wp-json\/wp\/v2\/posts\/1332\/revisions"}],"predecessor-version":[{"id":3046,"href":"https:\/\/www.ifmarinvast.se\/orientering\/wp-json\/wp\/v2\/posts\/1332\/revisions\/3046"}],"wp:attachment":[{"href":"https:\/\/www.ifmarinvast.se\/orientering\/wp-json\/wp\/v2\/media?parent=1332"}],"wp:term":[{"taxonomy":"category","embeddable":true,"href":"https:\/\/www.ifmarinvast.se\/orientering\/wp-json\/wp\/v2\/categories?post=1332"},{"taxonomy":"post_tag","embeddable":true,"href":"https:\/\/www.ifmarinvast.se\/orientering\/wp-json\/wp\/v2\/tags?post=1332"}],"curies":[{"name":"wp","href":"https:\/\/api.w.org\/{rel}","templated":true}]}}