{"id":1329,"date":"2007-06-08T00:00:00","date_gmt":"2007-06-07T22:00:00","guid":{"rendered":"http:\/\/ifmarinvast.se\/2016\/varavslutning-2007-nu-pa-sondag\/"},"modified":"2015-10-11T14:39:55","modified_gmt":"2015-10-11T12:39:55","slug":"varavslutning-2007-nu-pa-sondag","status":"publish","type":"post","link":"https:\/\/www.ifmarinvast.se\/orientering\/varavslutning-2007-nu-pa-sondag\/","title":{"rendered":"V\u00e5ravslutning 2007 nu p\u00e5 s\u00f6ndag"},"content":{"rendered":"<p>10 juni \u00e4r det v\u00e5rs\u00e4songsavslutning f\u00f6r alla medlemmar! <br \/>Klubbtr\u00e4ning, priser, fika och info &#8211; hela familjen \u00e4r v\u00e4lkommen<br \/><img src='http:\/\/ifmv.latitud.net:9080\/bilder\/main.php?g2_view=core.DownloadItem&#038;g2_itemId=24910&#038;g2_serialNumber=2' height='164' width='127' align='right'><br \/><b>kl 11.00, Sisj\u00f6ns v\u00e4stra badplats <\/b>(vid scoutstugan och vattentornet)<br \/>V\u00e4gvisning fr\u00e5n Sisj\u00f6v\u00e4gen.<\/p>\n<p><b>Program:<\/b><br \/>11.00: orientering f\u00f6r alla som vill<br \/>banalternativ: vit, orange, tv\u00e5 svarta banor finns &#8211; niv\u00e5er och banl\u00e4ngder f\u00f6r alla<\/p>\n<p>D\u00e4refter: fika, prisutdelning och information. Vi bjuder p\u00e5 korv med br\u00f6d, men ta med eget kaffe och g\u00e4rna en kaka om ni har m\u00f6jlighet.<\/p>\n<p>Hoppas att vi alla ses p\u00e5 s\u00f6ndag!<\/p>\n<p>H\u00e4lsar<br \/>banl\u00e4ggarna och sektionsledningen<\/p>\n","protected":false},"excerpt":{"rendered":"<p>10 juni \u00e4r det v\u00e5rs\u00e4songsavslutning f\u00f6r alla medlemmar! Klubbtr\u00e4ning, priser, fika och info &#8211; hela familjen \u00e4r v\u00e4lkommenkl 11.00, Sisj\u00f6ns v\u00e4stra badplats (vid scoutstugan och vattentornet)V\u00e4gvisning fr\u00e5n Sisj\u00f6v\u00e4gen. Program:11.00: orientering [&hellip;]<\/p>\n","protected":false},"author":2,"featured_media":0,"comment_status":"open","ping_status":"open","sticky":false,"template":"","format":"standard","meta":{"footnotes":""},"categories":[262,1],"tags":[],"class_list":["post-1329","post","type-post","status-publish","format-standard","hentry","category-nyheter","category-okategoriserade"],"_links":{"self":[{"href":"https:\/\/www.ifmarinvast.se\/orientering\/wp-json\/wp\/v2\/posts\/1329","targetHints":{"allow":["GET"]}}],"collection":[{"href":"https:\/\/www.ifmarinvast.se\/orientering\/wp-json\/wp\/v2\/posts"}],"about":[{"href":"https:\/\/www.ifmarinvast.se\/orientering\/wp-json\/wp\/v2\/types\/post"}],"author":[{"embeddable":true,"href":"https:\/\/www.ifmarinvast.se\/orientering\/wp-json\/wp\/v2\/users\/2"}],"replies":[{"embeddable":true,"href":"https:\/\/www.ifmarinvast.se\/orientering\/wp-json\/wp\/v2\/comments?post=1329"}],"version-history":[{"count":1,"href":"https:\/\/www.ifmarinvast.se\/orientering\/wp-json\/wp\/v2\/posts\/1329\/revisions"}],"predecessor-version":[{"id":3047,"href":"https:\/\/www.ifmarinvast.se\/orientering\/wp-json\/wp\/v2\/posts\/1329\/revisions\/3047"}],"wp:attachment":[{"href":"https:\/\/www.ifmarinvast.se\/orientering\/wp-json\/wp\/v2\/media?parent=1329"}],"wp:term":[{"taxonomy":"category","embeddable":true,"href":"https:\/\/www.ifmarinvast.se\/orientering\/wp-json\/wp\/v2\/categories?post=1329"},{"taxonomy":"post_tag","embeddable":true,"href":"https:\/\/www.ifmarinvast.se\/orientering\/wp-json\/wp\/v2\/tags?post=1329"}],"curies":[{"name":"wp","href":"https:\/\/api.w.org\/{rel}","templated":true}]}}