{"id":1327,"date":"2007-06-06T00:00:00","date_gmt":"2007-06-05T22:00:00","guid":{"rendered":"http:\/\/ifmarinvast.se\/2016\/varseriefinal-pa-lordag\/"},"modified":"2015-10-11T14:39:55","modified_gmt":"2015-10-11T12:39:55","slug":"varseriefinal-pa-lordag","status":"publish","type":"post","link":"https:\/\/www.ifmarinvast.se\/orientering\/varseriefinal-pa-lordag\/","title":{"rendered":"V\u00e5rseriefinal p\u00e5 l\u00f6rdag!"},"content":{"rendered":"<p>Nu p\u00e5 l\u00f6rdag, <b>9 juni<\/b>, g\u00e5r \u00e5rets sista v\u00e5rserieetapp &#8211; och inte mindre \u00e4n elva IFMV-l\u00f6pare har chans p\u00e5 att f\u00e5 tre starter och d\u00e4rmed sammanlagt resultat i en klass!<\/p>\n<p>J\u00e4ttekul att s\u00e5 m\u00e5nga ungdomar har sprungit hittills. Vi hoppas att det blir m\u00e5nga till helgen ocks\u00e5, b\u00e5de p\u00e5 l\u00f6rdagst\u00e4vlingen och p\u00e5 v\u00e5r egen <b>V\u00e5ravslutning<\/b> p\u00e5 s\u00f6ndagen.<\/p>\n<p>Sammanlagt resultat f\u00f6r V\u00e5rserien hittills hittar ni <a href='http:\/\/www.orienteringgoteborg.com\/files\/sites\/ungdom_varserien_2007_totres_e4.htm' target='_blank'>h\u00e4r>><\/a><\/p>\n","protected":false},"excerpt":{"rendered":"<p>Nu p\u00e5 l\u00f6rdag, 9 juni, g\u00e5r \u00e5rets sista v\u00e5rserieetapp &#8211; och inte mindre \u00e4n elva IFMV-l\u00f6pare har chans p\u00e5 att f\u00e5 tre starter och d\u00e4rmed sammanlagt resultat i en klass! [&hellip;]<\/p>\n","protected":false},"author":2,"featured_media":0,"comment_status":"open","ping_status":"open","sticky":false,"template":"","format":"standard","meta":{"footnotes":""},"categories":[262,1],"tags":[],"class_list":["post-1327","post","type-post","status-publish","format-standard","hentry","category-nyheter","category-okategoriserade"],"_links":{"self":[{"href":"https:\/\/www.ifmarinvast.se\/orientering\/wp-json\/wp\/v2\/posts\/1327","targetHints":{"allow":["GET"]}}],"collection":[{"href":"https:\/\/www.ifmarinvast.se\/orientering\/wp-json\/wp\/v2\/posts"}],"about":[{"href":"https:\/\/www.ifmarinvast.se\/orientering\/wp-json\/wp\/v2\/types\/post"}],"author":[{"embeddable":true,"href":"https:\/\/www.ifmarinvast.se\/orientering\/wp-json\/wp\/v2\/users\/2"}],"replies":[{"embeddable":true,"href":"https:\/\/www.ifmarinvast.se\/orientering\/wp-json\/wp\/v2\/comments?post=1327"}],"version-history":[{"count":1,"href":"https:\/\/www.ifmarinvast.se\/orientering\/wp-json\/wp\/v2\/posts\/1327\/revisions"}],"predecessor-version":[{"id":1979,"href":"https:\/\/www.ifmarinvast.se\/orientering\/wp-json\/wp\/v2\/posts\/1327\/revisions\/1979"}],"wp:attachment":[{"href":"https:\/\/www.ifmarinvast.se\/orientering\/wp-json\/wp\/v2\/media?parent=1327"}],"wp:term":[{"taxonomy":"category","embeddable":true,"href":"https:\/\/www.ifmarinvast.se\/orientering\/wp-json\/wp\/v2\/categories?post=1327"},{"taxonomy":"post_tag","embeddable":true,"href":"https:\/\/www.ifmarinvast.se\/orientering\/wp-json\/wp\/v2\/tags?post=1327"}],"curies":[{"name":"wp","href":"https:\/\/api.w.org\/{rel}","templated":true}]}}