{"id":1325,"date":"2007-05-24T00:00:00","date_gmt":"2007-05-23T22:00:00","guid":{"rendered":"http:\/\/ifmarinvast.se\/2016\/varserieetapp-3-2007\/"},"modified":"2015-10-11T14:39:55","modified_gmt":"2015-10-11T12:39:55","slug":"varserieetapp-3-2007","status":"publish","type":"post","link":"https:\/\/www.ifmarinvast.se\/orientering\/varserieetapp-3-2007\/","title":{"rendered":"V\u00e5rserieetapp 3 2007"},"content":{"rendered":"<p>Startlista och PM till V\u00e5rserieetapp 3 l\u00f6r 26 maj &#8211; samarrangemang mellan Skidklubben och Marin V\u00e4st &#8211; finns under Arrangemang i menyn till v\u00e4nster.<\/p>\n","protected":false},"excerpt":{"rendered":"<p>Startlista och PM till V\u00e5rserieetapp 3 l\u00f6r 26 maj &#8211; samarrangemang mellan Skidklubben och Marin V\u00e4st &#8211; finns under Arrangemang i menyn till v\u00e4nster.<\/p>\n","protected":false},"author":2,"featured_media":0,"comment_status":"open","ping_status":"open","sticky":false,"template":"","format":"standard","meta":{"footnotes":""},"categories":[262,1],"tags":[],"class_list":["post-1325","post","type-post","status-publish","format-standard","hentry","category-nyheter","category-okategoriserade"],"_links":{"self":[{"href":"https:\/\/www.ifmarinvast.se\/orientering\/wp-json\/wp\/v2\/posts\/1325","targetHints":{"allow":["GET"]}}],"collection":[{"href":"https:\/\/www.ifmarinvast.se\/orientering\/wp-json\/wp\/v2\/posts"}],"about":[{"href":"https:\/\/www.ifmarinvast.se\/orientering\/wp-json\/wp\/v2\/types\/post"}],"author":[{"embeddable":true,"href":"https:\/\/www.ifmarinvast.se\/orientering\/wp-json\/wp\/v2\/users\/2"}],"replies":[{"embeddable":true,"href":"https:\/\/www.ifmarinvast.se\/orientering\/wp-json\/wp\/v2\/comments?post=1325"}],"version-history":[{"count":1,"href":"https:\/\/www.ifmarinvast.se\/orientering\/wp-json\/wp\/v2\/posts\/1325\/revisions"}],"predecessor-version":[{"id":1977,"href":"https:\/\/www.ifmarinvast.se\/orientering\/wp-json\/wp\/v2\/posts\/1325\/revisions\/1977"}],"wp:attachment":[{"href":"https:\/\/www.ifmarinvast.se\/orientering\/wp-json\/wp\/v2\/media?parent=1325"}],"wp:term":[{"taxonomy":"category","embeddable":true,"href":"https:\/\/www.ifmarinvast.se\/orientering\/wp-json\/wp\/v2\/categories?post=1325"},{"taxonomy":"post_tag","embeddable":true,"href":"https:\/\/www.ifmarinvast.se\/orientering\/wp-json\/wp\/v2\/tags?post=1325"}],"curies":[{"name":"wp","href":"https:\/\/api.w.org\/{rel}","templated":true}]}}