{"id":1324,"date":"2007-05-17T00:00:00","date_gmt":"2007-05-16T22:00:00","guid":{"rendered":"http:\/\/ifmarinvast.se\/2016\/dags-for-anmalan-tillbrsprintdm-2007\/"},"modified":"2015-10-11T14:39:55","modified_gmt":"2015-10-11T12:39:55","slug":"dags-for-anmalan-till-sprintdm-2007","status":"publish","type":"post","link":"https:\/\/www.ifmarinvast.se\/orientering\/dags-for-anmalan-till-sprintdm-2007\/","title":{"rendered":"Dags f\u00f6r anm\u00e4lan till SprintDM 2007"},"content":{"rendered":"<p>SprintDM kommer \u00e4ven i \u00e5r att g\u00e5 p\u00e5 nationaldagen 6 juni. I \u00e5r blir det p\u00e5 en helt ny karta i Eriksberg! Med ber\u00e4knade segrartider p\u00e5 12-15 min \u00e4r sprintbanorna s\u00e5 korta att alla klara att g\u00e5 eller springa runt, s\u00e5 jag hoppas p\u00e5 stort IFMVdeltagande i alla \u00e5ldrar!<\/p>\n<p>Anm\u00e4lan senast m\u00e5n 28 maj via T\u00e4vling i menyn till v\u00e4nster.<\/p>\n","protected":false},"excerpt":{"rendered":"<p>SprintDM kommer \u00e4ven i \u00e5r att g\u00e5 p\u00e5 nationaldagen 6 juni. I \u00e5r blir det p\u00e5 en helt ny karta i Eriksberg! Med ber\u00e4knade segrartider p\u00e5 12-15 min \u00e4r sprintbanorna [&hellip;]<\/p>\n","protected":false},"author":2,"featured_media":0,"comment_status":"open","ping_status":"open","sticky":false,"template":"","format":"standard","meta":{"footnotes":""},"categories":[262,1],"tags":[],"class_list":["post-1324","post","type-post","status-publish","format-standard","hentry","category-nyheter","category-okategoriserade"],"_links":{"self":[{"href":"https:\/\/www.ifmarinvast.se\/orientering\/wp-json\/wp\/v2\/posts\/1324","targetHints":{"allow":["GET"]}}],"collection":[{"href":"https:\/\/www.ifmarinvast.se\/orientering\/wp-json\/wp\/v2\/posts"}],"about":[{"href":"https:\/\/www.ifmarinvast.se\/orientering\/wp-json\/wp\/v2\/types\/post"}],"author":[{"embeddable":true,"href":"https:\/\/www.ifmarinvast.se\/orientering\/wp-json\/wp\/v2\/users\/2"}],"replies":[{"embeddable":true,"href":"https:\/\/www.ifmarinvast.se\/orientering\/wp-json\/wp\/v2\/comments?post=1324"}],"version-history":[{"count":2,"href":"https:\/\/www.ifmarinvast.se\/orientering\/wp-json\/wp\/v2\/posts\/1324\/revisions"}],"predecessor-version":[{"id":2048,"href":"https:\/\/www.ifmarinvast.se\/orientering\/wp-json\/wp\/v2\/posts\/1324\/revisions\/2048"}],"wp:attachment":[{"href":"https:\/\/www.ifmarinvast.se\/orientering\/wp-json\/wp\/v2\/media?parent=1324"}],"wp:term":[{"taxonomy":"category","embeddable":true,"href":"https:\/\/www.ifmarinvast.se\/orientering\/wp-json\/wp\/v2\/categories?post=1324"},{"taxonomy":"post_tag","embeddable":true,"href":"https:\/\/www.ifmarinvast.se\/orientering\/wp-json\/wp\/v2\/tags?post=1324"}],"curies":[{"name":"wp","href":"https:\/\/api.w.org\/{rel}","templated":true}]}}