{"id":1322,"date":"2007-05-12T00:00:00","date_gmt":"2007-05-11T22:00:00","guid":{"rendered":"http:\/\/ifmarinvast.se\/2016\/varserien-etapp-1\/"},"modified":"2015-10-11T14:39:55","modified_gmt":"2015-10-11T12:39:55","slug":"varserien-etapp-1","status":"publish","type":"post","link":"https:\/\/www.ifmarinvast.se\/orientering\/varserien-etapp-1\/","title":{"rendered":"V\u00e5rserien etapp 1"},"content":{"rendered":"<p>Idag gick f\u00f6rsta etappen av \u00e5rets V\u00e5rserie av stapeln, och f\u00f6r v\u00e5ra l\u00f6pare blev det premi\u00e4r p\u00e5 hemmaplan, i P\u00e5velund!<\/p>\n<p>12 ungdomar sprang, och alla fullf\u00f6ljde: Gustav T (H16), Vidar E och Christopher \u00c5  (H14), Frida T (D12), Martin L (U3), David J, Felix E, Carl K, Johannes H-N och Johan K (HU1) samt Nils I, som t.o.m. tog hem segern, i HU2! Grattis till er alla! Resultaten hittar ni via T\u00e4vlingar i menyn till v\u00e4nster.<\/p>\n<p>Roligt att \u00e4ven Christophers pappa sprang (och vann) &#8211; hoppas vi blir minst lika m\u00e5nga vid etapp 2 p\u00e5 torsdag!<\/p>\n","protected":false},"excerpt":{"rendered":"<p>Idag gick f\u00f6rsta etappen av \u00e5rets V\u00e5rserie av stapeln, och f\u00f6r v\u00e5ra l\u00f6pare blev det premi\u00e4r p\u00e5 hemmaplan, i P\u00e5velund! 12 ungdomar sprang, och alla fullf\u00f6ljde: Gustav T (H16), Vidar [&hellip;]<\/p>\n","protected":false},"author":2,"featured_media":0,"comment_status":"open","ping_status":"open","sticky":false,"template":"","format":"standard","meta":{"footnotes":""},"categories":[262,1],"tags":[],"class_list":["post-1322","post","type-post","status-publish","format-standard","hentry","category-nyheter","category-okategoriserade"],"_links":{"self":[{"href":"https:\/\/www.ifmarinvast.se\/orientering\/wp-json\/wp\/v2\/posts\/1322","targetHints":{"allow":["GET"]}}],"collection":[{"href":"https:\/\/www.ifmarinvast.se\/orientering\/wp-json\/wp\/v2\/posts"}],"about":[{"href":"https:\/\/www.ifmarinvast.se\/orientering\/wp-json\/wp\/v2\/types\/post"}],"author":[{"embeddable":true,"href":"https:\/\/www.ifmarinvast.se\/orientering\/wp-json\/wp\/v2\/users\/2"}],"replies":[{"embeddable":true,"href":"https:\/\/www.ifmarinvast.se\/orientering\/wp-json\/wp\/v2\/comments?post=1322"}],"version-history":[{"count":1,"href":"https:\/\/www.ifmarinvast.se\/orientering\/wp-json\/wp\/v2\/posts\/1322\/revisions"}],"predecessor-version":[{"id":1975,"href":"https:\/\/www.ifmarinvast.se\/orientering\/wp-json\/wp\/v2\/posts\/1322\/revisions\/1975"}],"wp:attachment":[{"href":"https:\/\/www.ifmarinvast.se\/orientering\/wp-json\/wp\/v2\/media?parent=1322"}],"wp:term":[{"taxonomy":"category","embeddable":true,"href":"https:\/\/www.ifmarinvast.se\/orientering\/wp-json\/wp\/v2\/categories?post=1322"},{"taxonomy":"post_tag","embeddable":true,"href":"https:\/\/www.ifmarinvast.se\/orientering\/wp-json\/wp\/v2\/tags?post=1322"}],"curies":[{"name":"wp","href":"https:\/\/api.w.org\/{rel}","templated":true}]}}