{"id":1320,"date":"2007-05-06T00:00:00","date_gmt":"2007-05-05T22:00:00","guid":{"rendered":"http:\/\/ifmarinvast.se\/2016\/1220\/"},"modified":"2015-10-11T14:39:56","modified_gmt":"2015-10-11T12:39:56","slug":"tack-alla-for-en-bra-uppslutning-till-arets-km","status":"publish","type":"post","link":"https:\/\/www.ifmarinvast.se\/orientering\/tack-alla-for-en-bra-uppslutning-till-arets-km\/","title":{"rendered":"Tack alla f\u00f6r en bra uppslutning till \u00e5rets KM!"},"content":{"rendered":"<p>Tack alla f\u00f6r en bra uppslutning till \u00e5rets KM!<\/p>\n<p>S\u00e5 gick det om inte n\u00e5gon sen protest inkommer eller Svante \u00e4ndrar n\u00e5got.<\/p>\n<p>H 35: Olle T 57:24<br \/>\nJan F 59:40<br \/>\nBengt A 1:25:03<\/p>\n<p>H21: Anders J 50:20<br \/>\nBj\u00f6rn D 57:20<\/p>\n<p>H16: Gustav T 42:03<br \/>\nVidar E 43:41<br \/>\nMartin L 1:05:32<br \/>\nChristopher \u00c5 1:08:53<\/p>\n<p>U1 (gr\u00f6n bana): Felix E 17:51<br \/>\nJohan K 18:10<br \/>\nCarl K 20:07<br \/>\nFredrik C 20:08<br \/>\nDavid J 25:41<br \/>\nJohannes H 25:41<\/p>\n<p>D55: Margareta P 1:05:36<br \/>\nKerstin A 1:05:39<br \/>\nKarin E 1:26:05<br \/>\nBirgitta B 1:32:39<\/p>\n<p>D21: Maria D 1:03:07<br \/>\nLinda M 1:08:46<br \/>\nAnna B 1:17:47<\/p>\n<p>D12 (gul bana): Frida T 50:32<\/p>\n<p>Gr\u00f6n bana (ej KM): Lena K 15:15<\/p>\n<p>Gul bana(ej KM): Jan-Olov \u00c5 49:28<\/p>\n<p>Str\u00e4cktider kan f\u00f6rhoppningsvis presenteras senare.<\/p>\n","protected":false},"excerpt":{"rendered":"<p>Tack alla f\u00f6r en bra uppslutning till \u00e5rets KM! S\u00e5 gick det om inte n\u00e5gon sen protest inkommer eller Svante \u00e4ndrar n\u00e5got. H 35: Olle T 57:24 Jan F 59:40 [&hellip;]<\/p>\n","protected":false},"author":2,"featured_media":0,"comment_status":"open","ping_status":"open","sticky":false,"template":"","format":"standard","meta":{"footnotes":""},"categories":[262,1],"tags":[],"class_list":["post-1320","post","type-post","status-publish","format-standard","hentry","category-nyheter","category-okategoriserade"],"_links":{"self":[{"href":"https:\/\/www.ifmarinvast.se\/orientering\/wp-json\/wp\/v2\/posts\/1320","targetHints":{"allow":["GET"]}}],"collection":[{"href":"https:\/\/www.ifmarinvast.se\/orientering\/wp-json\/wp\/v2\/posts"}],"about":[{"href":"https:\/\/www.ifmarinvast.se\/orientering\/wp-json\/wp\/v2\/types\/post"}],"author":[{"embeddable":true,"href":"https:\/\/www.ifmarinvast.se\/orientering\/wp-json\/wp\/v2\/users\/2"}],"replies":[{"embeddable":true,"href":"https:\/\/www.ifmarinvast.se\/orientering\/wp-json\/wp\/v2\/comments?post=1320"}],"version-history":[{"count":3,"href":"https:\/\/www.ifmarinvast.se\/orientering\/wp-json\/wp\/v2\/posts\/1320\/revisions"}],"predecessor-version":[{"id":2049,"href":"https:\/\/www.ifmarinvast.se\/orientering\/wp-json\/wp\/v2\/posts\/1320\/revisions\/2049"}],"wp:attachment":[{"href":"https:\/\/www.ifmarinvast.se\/orientering\/wp-json\/wp\/v2\/media?parent=1320"}],"wp:term":[{"taxonomy":"category","embeddable":true,"href":"https:\/\/www.ifmarinvast.se\/orientering\/wp-json\/wp\/v2\/categories?post=1320"},{"taxonomy":"post_tag","embeddable":true,"href":"https:\/\/www.ifmarinvast.se\/orientering\/wp-json\/wp\/v2\/tags?post=1320"}],"curies":[{"name":"wp","href":"https:\/\/api.w.org\/{rel}","templated":true}]}}