{"id":1317,"date":"2007-04-26T00:00:00","date_gmt":"2007-04-25T22:00:00","guid":{"rendered":"http:\/\/ifmarinvast.se\/2016\/ifmv-dagen-sondagen-6-majbrkl-1130-1630\/"},"modified":"2015-10-11T14:40:58","modified_gmt":"2015-10-11T12:40:58","slug":"ifmv-dagen-sondagen-6-majbrkl-1130-1630","status":"publish","type":"post","link":"https:\/\/www.ifmarinvast.se\/orientering\/ifmv-dagen-sondagen-6-majbrkl-1130-1630\/","title":{"rendered":"IFMV-dagen"},"content":{"rendered":"<p><img loading=\"lazy\" decoding=\"async\" src=\"http:\/\/ifmv.latitud.net:9080\/bilder\/main.php?g2_view=core.DownloadItem&amp;g2_itemId=19115&amp;g2_serialNumber=2\" alt=\"\" width=\"127\" height=\"164\" align=\"right\" \/>Nu \u00e4r det snart dags f\u00f6r v\u00e5rens klubbdag, med aktiviteter i de olika sektionerna. Det blir fika, chokladhjul, roliga aktiviteter f\u00f6r alla klubbmedlemmar och lite snack ihop!<\/p>\n<p>Innebandysektionen kommer att ha en IFMV-cup i PTBK-hallen, medan vi orienterare kommer att ha prova p\u00e5-banor med SportIdent utanf\u00f6r. Har ni m\u00f6jlighet att hj\u00e4lpa till att bemannna t\u00e4ltet under n\u00e5gon timme, kontakta mig p\u00e5 <a href=\"mailto:linda@ifmv.nu\">linda@ifmv.nu<\/a><\/p>\n<p><b>V\u00e4lkomna!!<\/b><\/p>\n","protected":false},"excerpt":{"rendered":"<p>Nu \u00e4r det snart dags f\u00f6r v\u00e5rens klubbdag, med aktiviteter i de olika sektionerna. Det blir fika, chokladhjul, roliga aktiviteter f\u00f6r alla klubbmedlemmar och lite snack ihop! Innebandysektionen kommer att [&hellip;]<\/p>\n","protected":false},"author":2,"featured_media":0,"comment_status":"open","ping_status":"open","sticky":false,"template":"","format":"standard","meta":{"footnotes":""},"categories":[262,1],"tags":[],"class_list":["post-1317","post","type-post","status-publish","format-standard","hentry","category-nyheter","category-okategoriserade"],"_links":{"self":[{"href":"https:\/\/www.ifmarinvast.se\/orientering\/wp-json\/wp\/v2\/posts\/1317","targetHints":{"allow":["GET"]}}],"collection":[{"href":"https:\/\/www.ifmarinvast.se\/orientering\/wp-json\/wp\/v2\/posts"}],"about":[{"href":"https:\/\/www.ifmarinvast.se\/orientering\/wp-json\/wp\/v2\/types\/post"}],"author":[{"embeddable":true,"href":"https:\/\/www.ifmarinvast.se\/orientering\/wp-json\/wp\/v2\/users\/2"}],"replies":[{"embeddable":true,"href":"https:\/\/www.ifmarinvast.se\/orientering\/wp-json\/wp\/v2\/comments?post=1317"}],"version-history":[{"count":1,"href":"https:\/\/www.ifmarinvast.se\/orientering\/wp-json\/wp\/v2\/posts\/1317\/revisions"}],"predecessor-version":[{"id":2050,"href":"https:\/\/www.ifmarinvast.se\/orientering\/wp-json\/wp\/v2\/posts\/1317\/revisions\/2050"}],"wp:attachment":[{"href":"https:\/\/www.ifmarinvast.se\/orientering\/wp-json\/wp\/v2\/media?parent=1317"}],"wp:term":[{"taxonomy":"category","embeddable":true,"href":"https:\/\/www.ifmarinvast.se\/orientering\/wp-json\/wp\/v2\/categories?post=1317"},{"taxonomy":"post_tag","embeddable":true,"href":"https:\/\/www.ifmarinvast.se\/orientering\/wp-json\/wp\/v2\/tags?post=1317"}],"curies":[{"name":"wp","href":"https:\/\/api.w.org\/{rel}","templated":true}]}}