{"id":1315,"date":"2007-04-13T00:00:00","date_gmt":"2007-04-12T22:00:00","guid":{"rendered":"http:\/\/ifmarinvast.se\/2016\/klubbtraning-i-anggardsbergen-21-4\/"},"modified":"2015-10-11T14:40:59","modified_gmt":"2015-10-11T12:40:59","slug":"klubbtraning-i-anggardsbergen-21-4","status":"publish","type":"post","link":"https:\/\/www.ifmarinvast.se\/orientering\/klubbtraning-i-anggardsbergen-21-4\/","title":{"rendered":"Klubbtr\u00e4ning i \u00c4ngg\u00e5rdsbergen 21\/4!"},"content":{"rendered":"<p><img src='http:\/\/ifmv.latitud.net:9080\/bilder\/main.php?g2_view=core.DownloadItem&#038;g2_itemId=29655&#038;g2_serialNumber=2' height='164' width='100' align='right'>P\u00e5 l\u00f6rdag den 21\/4 \u00e4r det dags f\u00f6r alla klubbens medlemmar att komma ut till \u00c4ngg\u00e5rdsbergen f\u00f6r v\u00e5rens klubbtr\u00e4ning. Det kommer att finnas banor b\u00e5de f\u00f6r nyb\u00f6rjare och veteraner. <\/p>\n<p>Vi samlas vid Axlemossen, parkering finns i slutet av Gruvgatan. F\u00f6r mer information se inbjudan som ligger p\u00e5 hemsidan under Arrangermang.<\/p>\n","protected":false},"excerpt":{"rendered":"<p>P\u00e5 l\u00f6rdag den 21\/4 \u00e4r det dags f\u00f6r alla klubbens medlemmar att komma ut till \u00c4ngg\u00e5rdsbergen f\u00f6r v\u00e5rens klubbtr\u00e4ning. Det kommer att finnas banor b\u00e5de f\u00f6r nyb\u00f6rjare och veteraner. Vi [&hellip;]<\/p>\n","protected":false},"author":2,"featured_media":0,"comment_status":"open","ping_status":"open","sticky":false,"template":"","format":"standard","meta":{"footnotes":""},"categories":[262,1],"tags":[],"class_list":["post-1315","post","type-post","status-publish","format-standard","hentry","category-nyheter","category-okategoriserade"],"_links":{"self":[{"href":"https:\/\/www.ifmarinvast.se\/orientering\/wp-json\/wp\/v2\/posts\/1315","targetHints":{"allow":["GET"]}}],"collection":[{"href":"https:\/\/www.ifmarinvast.se\/orientering\/wp-json\/wp\/v2\/posts"}],"about":[{"href":"https:\/\/www.ifmarinvast.se\/orientering\/wp-json\/wp\/v2\/types\/post"}],"author":[{"embeddable":true,"href":"https:\/\/www.ifmarinvast.se\/orientering\/wp-json\/wp\/v2\/users\/2"}],"replies":[{"embeddable":true,"href":"https:\/\/www.ifmarinvast.se\/orientering\/wp-json\/wp\/v2\/comments?post=1315"}],"version-history":[{"count":1,"href":"https:\/\/www.ifmarinvast.se\/orientering\/wp-json\/wp\/v2\/posts\/1315\/revisions"}],"predecessor-version":[{"id":3050,"href":"https:\/\/www.ifmarinvast.se\/orientering\/wp-json\/wp\/v2\/posts\/1315\/revisions\/3050"}],"wp:attachment":[{"href":"https:\/\/www.ifmarinvast.se\/orientering\/wp-json\/wp\/v2\/media?parent=1315"}],"wp:term":[{"taxonomy":"category","embeddable":true,"href":"https:\/\/www.ifmarinvast.se\/orientering\/wp-json\/wp\/v2\/categories?post=1315"},{"taxonomy":"post_tag","embeddable":true,"href":"https:\/\/www.ifmarinvast.se\/orientering\/wp-json\/wp\/v2\/tags?post=1315"}],"curies":[{"name":"wp","href":"https:\/\/api.w.org\/{rel}","templated":true}]}}