{"id":1311,"date":"2007-04-02T00:00:00","date_gmt":"2007-04-01T22:00:00","guid":{"rendered":"http:\/\/ifmarinvast.se\/2016\/1211\/"},"modified":"2015-10-11T14:40:59","modified_gmt":"2015-10-11T12:40:59","slug":"ingen-torsdagstraning-pa-skartorsdagen","status":"publish","type":"post","link":"https:\/\/www.ifmarinvast.se\/orientering\/ingen-torsdagstraning-pa-skartorsdagen\/","title":{"rendered":"Ingen torsdagstr\u00e4ning p\u00e5 sk\u00e4rtorsdagen"},"content":{"rendered":"<p>Ingen torsdagstr\u00e4ning p\u00e5 sk\u00e4rtorsdagen pga p\u00e5sklov! Spring nattorientering ist\u00e4llet, n\u00e4sta vecka \u00e4r det torsdagstr\u00e4ning i P\u00e5velund.<\/p>\n","protected":false},"excerpt":{"rendered":"<p>Ingen torsdagstr\u00e4ning p\u00e5 sk\u00e4rtorsdagen pga p\u00e5sklov! Spring nattorientering ist\u00e4llet, n\u00e4sta vecka \u00e4r det torsdagstr\u00e4ning i P\u00e5velund.<\/p>\n","protected":false},"author":2,"featured_media":0,"comment_status":"open","ping_status":"open","sticky":false,"template":"","format":"standard","meta":{"footnotes":""},"categories":[262,1],"tags":[],"class_list":["post-1311","post","type-post","status-publish","format-standard","hentry","category-nyheter","category-okategoriserade"],"_links":{"self":[{"href":"https:\/\/www.ifmarinvast.se\/orientering\/wp-json\/wp\/v2\/posts\/1311","targetHints":{"allow":["GET"]}}],"collection":[{"href":"https:\/\/www.ifmarinvast.se\/orientering\/wp-json\/wp\/v2\/posts"}],"about":[{"href":"https:\/\/www.ifmarinvast.se\/orientering\/wp-json\/wp\/v2\/types\/post"}],"author":[{"embeddable":true,"href":"https:\/\/www.ifmarinvast.se\/orientering\/wp-json\/wp\/v2\/users\/2"}],"replies":[{"embeddable":true,"href":"https:\/\/www.ifmarinvast.se\/orientering\/wp-json\/wp\/v2\/comments?post=1311"}],"version-history":[{"count":2,"href":"https:\/\/www.ifmarinvast.se\/orientering\/wp-json\/wp\/v2\/posts\/1311\/revisions"}],"predecessor-version":[{"id":2052,"href":"https:\/\/www.ifmarinvast.se\/orientering\/wp-json\/wp\/v2\/posts\/1311\/revisions\/2052"}],"wp:attachment":[{"href":"https:\/\/www.ifmarinvast.se\/orientering\/wp-json\/wp\/v2\/media?parent=1311"}],"wp:term":[{"taxonomy":"category","embeddable":true,"href":"https:\/\/www.ifmarinvast.se\/orientering\/wp-json\/wp\/v2\/categories?post=1311"},{"taxonomy":"post_tag","embeddable":true,"href":"https:\/\/www.ifmarinvast.se\/orientering\/wp-json\/wp\/v2\/tags?post=1311"}],"curies":[{"name":"wp","href":"https:\/\/api.w.org\/{rel}","templated":true}]}}