{"id":1310,"date":"2007-03-25T00:00:00","date_gmt":"2007-03-24T23:00:00","guid":{"rendered":"http:\/\/ifmarinvast.se\/2016\/torsdagstraning-i-anggardsbergen-29-mars\/"},"modified":"2015-10-11T14:40:59","modified_gmt":"2015-10-11T12:40:59","slug":"torsdagstraning-i-anggardsbergen-29-mars","status":"publish","type":"post","link":"https:\/\/www.ifmarinvast.se\/orientering\/torsdagstraning-i-anggardsbergen-29-mars\/","title":{"rendered":"Torsdagstr\u00e4ning i \u00c4ngg\u00e5rdsbergen 29 mars!"},"content":{"rendered":"<p>Nu p\u00e5 torsdag \u00e4r det dags f\u00f6r den f\u00f6rsta torsdagstr\u00e4ningen! Samling i \u00c4ngg\u00e5rdsbergen, Gruvgatan. Passa p\u00e5 att tr\u00e4na h\u00e4r inf\u00f6r v\u00e5rens klubbtr\u00e4ning.<\/p>\n<p>Om n\u00e5gon i forts\u00e4ttningsgruppen beh\u00f6ver skjuts h\u00f6r av er s\u00e5 fixar vi det!<\/p>\n<p>\/Anna<\/p>\n","protected":false},"excerpt":{"rendered":"<p>Nu p\u00e5 torsdag \u00e4r det dags f\u00f6r den f\u00f6rsta torsdagstr\u00e4ningen! Samling i \u00c4ngg\u00e5rdsbergen, Gruvgatan. Passa p\u00e5 att tr\u00e4na h\u00e4r inf\u00f6r v\u00e5rens klubbtr\u00e4ning. Om n\u00e5gon i forts\u00e4ttningsgruppen beh\u00f6ver skjuts h\u00f6r av [&hellip;]<\/p>\n","protected":false},"author":2,"featured_media":0,"comment_status":"open","ping_status":"open","sticky":false,"template":"","format":"standard","meta":{"footnotes":""},"categories":[262,1],"tags":[],"class_list":["post-1310","post","type-post","status-publish","format-standard","hentry","category-nyheter","category-okategoriserade"],"_links":{"self":[{"href":"https:\/\/www.ifmarinvast.se\/orientering\/wp-json\/wp\/v2\/posts\/1310","targetHints":{"allow":["GET"]}}],"collection":[{"href":"https:\/\/www.ifmarinvast.se\/orientering\/wp-json\/wp\/v2\/posts"}],"about":[{"href":"https:\/\/www.ifmarinvast.se\/orientering\/wp-json\/wp\/v2\/types\/post"}],"author":[{"embeddable":true,"href":"https:\/\/www.ifmarinvast.se\/orientering\/wp-json\/wp\/v2\/users\/2"}],"replies":[{"embeddable":true,"href":"https:\/\/www.ifmarinvast.se\/orientering\/wp-json\/wp\/v2\/comments?post=1310"}],"version-history":[{"count":1,"href":"https:\/\/www.ifmarinvast.se\/orientering\/wp-json\/wp\/v2\/posts\/1310\/revisions"}],"predecessor-version":[{"id":1968,"href":"https:\/\/www.ifmarinvast.se\/orientering\/wp-json\/wp\/v2\/posts\/1310\/revisions\/1968"}],"wp:attachment":[{"href":"https:\/\/www.ifmarinvast.se\/orientering\/wp-json\/wp\/v2\/media?parent=1310"}],"wp:term":[{"taxonomy":"category","embeddable":true,"href":"https:\/\/www.ifmarinvast.se\/orientering\/wp-json\/wp\/v2\/categories?post=1310"},{"taxonomy":"post_tag","embeddable":true,"href":"https:\/\/www.ifmarinvast.se\/orientering\/wp-json\/wp\/v2\/tags?post=1310"}],"curies":[{"name":"wp","href":"https:\/\/api.w.org\/{rel}","templated":true}]}}