{"id":1308,"date":"2007-03-19T00:00:00","date_gmt":"2007-03-18T23:00:00","guid":{"rendered":"http:\/\/ifmarinvast.se\/2016\/1208-klubbtraning-i-anggardsbergen-21-4\/"},"modified":"2015-10-11T14:40:59","modified_gmt":"2015-10-11T12:40:59","slug":"1208-klubbtraning-i-anggardsbergen-21-4","status":"publish","type":"post","link":"https:\/\/www.ifmarinvast.se\/orientering\/1208-klubbtraning-i-anggardsbergen-21-4\/","title":{"rendered":"Klubbtr\u00e4ning i \u00c4ngg\u00e5rdsbergen 21\/4!"},"content":{"rendered":"<p>Vi vill redan nu flagga f\u00f6r v\u00e5rens klubbtr\u00e4ning i april. Det kommer att finnas banor b\u00e5de f\u00f6r nyb\u00f6rjare, forts\u00e4ttare och motion\u00e4rer. Alla medlemmar \u00e4r v\u00e4lkomna till en l\u00f6rdag i ett mycket fint omr\u00e5de! Inbjudan l\u00e4ggs ut p\u00e5 hemsidan ca 1 vecka f\u00f6re.<\/p>\n<p>\/Anna &#038; Anja<\/p>\n","protected":false},"excerpt":{"rendered":"<p>Vi vill redan nu flagga f\u00f6r v\u00e5rens klubbtr\u00e4ning i april. Det kommer att finnas banor b\u00e5de f\u00f6r nyb\u00f6rjare, forts\u00e4ttare och motion\u00e4rer. Alla medlemmar \u00e4r v\u00e4lkomna till en l\u00f6rdag i ett [&hellip;]<\/p>\n","protected":false},"author":2,"featured_media":0,"comment_status":"open","ping_status":"open","sticky":false,"template":"","format":"standard","meta":{"footnotes":""},"categories":[262,1],"tags":[],"class_list":["post-1308","post","type-post","status-publish","format-standard","hentry","category-nyheter","category-okategoriserade"],"_links":{"self":[{"href":"https:\/\/www.ifmarinvast.se\/orientering\/wp-json\/wp\/v2\/posts\/1308","targetHints":{"allow":["GET"]}}],"collection":[{"href":"https:\/\/www.ifmarinvast.se\/orientering\/wp-json\/wp\/v2\/posts"}],"about":[{"href":"https:\/\/www.ifmarinvast.se\/orientering\/wp-json\/wp\/v2\/types\/post"}],"author":[{"embeddable":true,"href":"https:\/\/www.ifmarinvast.se\/orientering\/wp-json\/wp\/v2\/users\/2"}],"replies":[{"embeddable":true,"href":"https:\/\/www.ifmarinvast.se\/orientering\/wp-json\/wp\/v2\/comments?post=1308"}],"version-history":[{"count":1,"href":"https:\/\/www.ifmarinvast.se\/orientering\/wp-json\/wp\/v2\/posts\/1308\/revisions"}],"predecessor-version":[{"id":1967,"href":"https:\/\/www.ifmarinvast.se\/orientering\/wp-json\/wp\/v2\/posts\/1308\/revisions\/1967"}],"wp:attachment":[{"href":"https:\/\/www.ifmarinvast.se\/orientering\/wp-json\/wp\/v2\/media?parent=1308"}],"wp:term":[{"taxonomy":"category","embeddable":true,"href":"https:\/\/www.ifmarinvast.se\/orientering\/wp-json\/wp\/v2\/categories?post=1308"},{"taxonomy":"post_tag","embeddable":true,"href":"https:\/\/www.ifmarinvast.se\/orientering\/wp-json\/wp\/v2\/tags?post=1308"}],"curies":[{"name":"wp","href":"https:\/\/api.w.org\/{rel}","templated":true}]}}