{"id":1305,"date":"2007-03-10T00:00:00","date_gmt":"2007-03-09T23:00:00","guid":{"rendered":"http:\/\/ifmarinvast.se\/2016\/klubbtavling-1-sondagen-25-mars\/"},"modified":"2015-10-11T14:40:59","modified_gmt":"2015-10-11T12:40:59","slug":"klubbtavling-1-sondagen-25-mars","status":"publish","type":"post","link":"https:\/\/www.ifmarinvast.se\/orientering\/klubbtavling-1-sondagen-25-mars\/","title":{"rendered":"Klubbt\u00e4vling 1 s\u00f6ndagen 25 mars"},"content":{"rendered":"<p>Fr\u00f6lundas t\u00e4vling den 25 mars blir \u00e5rets f\u00f6rsta Klubbt\u00e4vling, dvs en t\u00e4vling vi hoppas att s\u00e5 m\u00e5nga som m\u00f6jligt vill springa. Det \u00e4r en vanlig l\u00e5ngdistans och den g\u00e5r i Sisj\u00f6terr\u00e4ngen, n\u00e4ra och bra.<\/p>\n<p>L\u00e4s mer och anm\u00e4l dig via t\u00e4vlingskalendern! Ordinarie anm\u00e4lan senast tis 13 mars.<\/p>\n","protected":false},"excerpt":{"rendered":"<p>Fr\u00f6lundas t\u00e4vling den 25 mars blir \u00e5rets f\u00f6rsta Klubbt\u00e4vling, dvs en t\u00e4vling vi hoppas att s\u00e5 m\u00e5nga som m\u00f6jligt vill springa. Det \u00e4r en vanlig l\u00e5ngdistans och den g\u00e5r i [&hellip;]<\/p>\n","protected":false},"author":2,"featured_media":0,"comment_status":"open","ping_status":"open","sticky":false,"template":"","format":"standard","meta":{"footnotes":""},"categories":[262,1],"tags":[],"class_list":["post-1305","post","type-post","status-publish","format-standard","hentry","category-nyheter","category-okategoriserade"],"_links":{"self":[{"href":"https:\/\/www.ifmarinvast.se\/orientering\/wp-json\/wp\/v2\/posts\/1305","targetHints":{"allow":["GET"]}}],"collection":[{"href":"https:\/\/www.ifmarinvast.se\/orientering\/wp-json\/wp\/v2\/posts"}],"about":[{"href":"https:\/\/www.ifmarinvast.se\/orientering\/wp-json\/wp\/v2\/types\/post"}],"author":[{"embeddable":true,"href":"https:\/\/www.ifmarinvast.se\/orientering\/wp-json\/wp\/v2\/users\/2"}],"replies":[{"embeddable":true,"href":"https:\/\/www.ifmarinvast.se\/orientering\/wp-json\/wp\/v2\/comments?post=1305"}],"version-history":[{"count":1,"href":"https:\/\/www.ifmarinvast.se\/orientering\/wp-json\/wp\/v2\/posts\/1305\/revisions"}],"predecessor-version":[{"id":1965,"href":"https:\/\/www.ifmarinvast.se\/orientering\/wp-json\/wp\/v2\/posts\/1305\/revisions\/1965"}],"wp:attachment":[{"href":"https:\/\/www.ifmarinvast.se\/orientering\/wp-json\/wp\/v2\/media?parent=1305"}],"wp:term":[{"taxonomy":"category","embeddable":true,"href":"https:\/\/www.ifmarinvast.se\/orientering\/wp-json\/wp\/v2\/categories?post=1305"},{"taxonomy":"post_tag","embeddable":true,"href":"https:\/\/www.ifmarinvast.se\/orientering\/wp-json\/wp\/v2\/tags?post=1305"}],"curies":[{"name":"wp","href":"https:\/\/api.w.org\/{rel}","templated":true}]}}