{"id":1302,"date":"2007-02-25T00:00:00","date_gmt":"2007-02-24T23:00:00","guid":{"rendered":"http:\/\/ifmarinvast.se\/2016\/anmalan-till-o-ringen-fore-1-mars\/"},"modified":"2015-10-11T14:40:59","modified_gmt":"2015-10-11T12:40:59","slug":"anmalan-till-o-ringen-fore-1-mars","status":"publish","type":"post","link":"https:\/\/www.ifmarinvast.se\/orientering\/anmalan-till-o-ringen-fore-1-mars\/","title":{"rendered":"Anm\u00e4lan till O-ringen f\u00f6re 1 mars!"},"content":{"rendered":"<p>Tre anm\u00e4lda fr\u00e5n IFMV hittills &#8211; hoppas vi blir fler! Kort att \u00e5ka, och fr\u00e5n C-orten \u00e4r det g\u00e5ngavst\u00e5nd till alla etapper. Bra uppl\u00e4gg f\u00f6r klubbcamping!?!<\/p>\n<p><a href='http:\/\/www.oringen.se\/455.php' target=_blank'>L\u00e4s mer>><\/a><br \/><a href='http:\/\/entor.oringen.com\/' target=_blank'>Anm\u00e4l dig och din familj>><\/a><\/p>\n<p><b>Sektionen subventionerar din startavgift med 500kr<\/b> (betalas ut i efterhand), men det blir ju billigare om du anm\u00e4ler dig f\u00f6re 1 mars!<\/p>\n","protected":false},"excerpt":{"rendered":"<p>Tre anm\u00e4lda fr\u00e5n IFMV hittills &#8211; hoppas vi blir fler! Kort att \u00e5ka, och fr\u00e5n C-orten \u00e4r det g\u00e5ngavst\u00e5nd till alla etapper. Bra uppl\u00e4gg f\u00f6r klubbcamping!?! Anm\u00e4l dig och din [&hellip;]<\/p>\n","protected":false},"author":2,"featured_media":0,"comment_status":"open","ping_status":"open","sticky":false,"template":"","format":"standard","meta":{"footnotes":""},"categories":[262,1],"tags":[],"class_list":["post-1302","post","type-post","status-publish","format-standard","hentry","category-nyheter","category-okategoriserade"],"_links":{"self":[{"href":"https:\/\/www.ifmarinvast.se\/orientering\/wp-json\/wp\/v2\/posts\/1302","targetHints":{"allow":["GET"]}}],"collection":[{"href":"https:\/\/www.ifmarinvast.se\/orientering\/wp-json\/wp\/v2\/posts"}],"about":[{"href":"https:\/\/www.ifmarinvast.se\/orientering\/wp-json\/wp\/v2\/types\/post"}],"author":[{"embeddable":true,"href":"https:\/\/www.ifmarinvast.se\/orientering\/wp-json\/wp\/v2\/users\/2"}],"replies":[{"embeddable":true,"href":"https:\/\/www.ifmarinvast.se\/orientering\/wp-json\/wp\/v2\/comments?post=1302"}],"version-history":[{"count":1,"href":"https:\/\/www.ifmarinvast.se\/orientering\/wp-json\/wp\/v2\/posts\/1302\/revisions"}],"predecessor-version":[{"id":3051,"href":"https:\/\/www.ifmarinvast.se\/orientering\/wp-json\/wp\/v2\/posts\/1302\/revisions\/3051"}],"wp:attachment":[{"href":"https:\/\/www.ifmarinvast.se\/orientering\/wp-json\/wp\/v2\/media?parent=1302"}],"wp:term":[{"taxonomy":"category","embeddable":true,"href":"https:\/\/www.ifmarinvast.se\/orientering\/wp-json\/wp\/v2\/categories?post=1302"},{"taxonomy":"post_tag","embeddable":true,"href":"https:\/\/www.ifmarinvast.se\/orientering\/wp-json\/wp\/v2\/tags?post=1302"}],"curies":[{"name":"wp","href":"https:\/\/api.w.org\/{rel}","templated":true}]}}