{"id":1300,"date":"2007-02-21T00:00:00","date_gmt":"2007-02-20T23:00:00","guid":{"rendered":"http:\/\/ifmarinvast.se\/2016\/ideell-festkvall-i-goteborg\/"},"modified":"2015-10-11T14:41:00","modified_gmt":"2015-10-11T12:41:00","slug":"ideell-festkvall-i-goteborg","status":"publish","type":"post","link":"https:\/\/www.ifmarinvast.se\/orientering\/ideell-festkvall-i-goteborg\/","title":{"rendered":"Ideell festkv\u00e4ll i G\u00f6teborg!"},"content":{"rendered":"<p><strong>Till alla G\u00f6teborgs ideella ledare och tr\u00e4nare:<\/strong><br \/>&#8217;G\u00f6teborg har ett levande f\u00f6reningsliv som berikar livet f\u00f6r m\u00e5nga m\u00e4nniskor varje dag. Drivkraften bakom detta \u00e4r de insatser som du g\u00f6r tillsammans med tusentals andra ledare och goda krafter i stadens f\u00f6reningar. Som tack f\u00f6r all den tid ni l\u00e4gger ner bjuder G\u00f6teborgs Stad in er till en riktig helkv\u00e4ll full med underh\u00e5llning, mingel, uppvisningar, tilltugg och t\u00e4vlingar.&#8217;<br \/><center><a href='http:\/\/www.ioff.goteborg.se\/prod\/ioff\/dalis2.nsf\/vyPublicerade\/498E2A9F02FB700FC125724A0030C792?OpenDocument' target='_blank'><br \/><img src='http:\/\/www.ifmv.nu\/pic\/bannerideellfestkvall.gif' border='0'><\/p>\n<p>L\u00e4s mer och anm\u00e4l dig p\u00e5 Idrott &#038; F\u00f6rening \u00bb<br \/>ANM\u00c4LAN SENAST FRE 2 MARS<\/a><\/center><\/p>\n","protected":false},"excerpt":{"rendered":"<p>Till alla G\u00f6teborgs ideella ledare och tr\u00e4nare:&#8217;G\u00f6teborg har ett levande f\u00f6reningsliv som berikar livet f\u00f6r m\u00e5nga m\u00e4nniskor varje dag. Drivkraften bakom detta \u00e4r de insatser som du g\u00f6r tillsammans med [&hellip;]<\/p>\n","protected":false},"author":2,"featured_media":0,"comment_status":"open","ping_status":"open","sticky":false,"template":"","format":"standard","meta":{"footnotes":""},"categories":[262,1],"tags":[],"class_list":["post-1300","post","type-post","status-publish","format-standard","hentry","category-nyheter","category-okategoriserade"],"_links":{"self":[{"href":"https:\/\/www.ifmarinvast.se\/orientering\/wp-json\/wp\/v2\/posts\/1300","targetHints":{"allow":["GET"]}}],"collection":[{"href":"https:\/\/www.ifmarinvast.se\/orientering\/wp-json\/wp\/v2\/posts"}],"about":[{"href":"https:\/\/www.ifmarinvast.se\/orientering\/wp-json\/wp\/v2\/types\/post"}],"author":[{"embeddable":true,"href":"https:\/\/www.ifmarinvast.se\/orientering\/wp-json\/wp\/v2\/users\/2"}],"replies":[{"embeddable":true,"href":"https:\/\/www.ifmarinvast.se\/orientering\/wp-json\/wp\/v2\/comments?post=1300"}],"version-history":[{"count":1,"href":"https:\/\/www.ifmarinvast.se\/orientering\/wp-json\/wp\/v2\/posts\/1300\/revisions"}],"predecessor-version":[{"id":3052,"href":"https:\/\/www.ifmarinvast.se\/orientering\/wp-json\/wp\/v2\/posts\/1300\/revisions\/3052"}],"wp:attachment":[{"href":"https:\/\/www.ifmarinvast.se\/orientering\/wp-json\/wp\/v2\/media?parent=1300"}],"wp:term":[{"taxonomy":"category","embeddable":true,"href":"https:\/\/www.ifmarinvast.se\/orientering\/wp-json\/wp\/v2\/categories?post=1300"},{"taxonomy":"post_tag","embeddable":true,"href":"https:\/\/www.ifmarinvast.se\/orientering\/wp-json\/wp\/v2\/tags?post=1300"}],"curies":[{"name":"wp","href":"https:\/\/api.w.org\/{rel}","templated":true}]}}