{"id":1298,"date":"2007-02-02T00:00:00","date_gmt":"2007-02-01T23:00:00","guid":{"rendered":"http:\/\/ifmarinvast.se\/2016\/ingen-is-till-lagret\/"},"modified":"2015-10-11T14:41:00","modified_gmt":"2015-10-11T12:41:00","slug":"ingen-is-till-lagret","status":"publish","type":"post","link":"https:\/\/www.ifmarinvast.se\/orientering\/ingen-is-till-lagret\/","title":{"rendered":"Ingen is till l\u00e4gret!"},"content":{"rendered":"<p>En dagsf\u00e4rsk rapport fr\u00e5n Fiskeb\u00e4cks skogar ber\u00e4ttar att all is \u00e4r borta ur skogen.<\/p>\n","protected":false},"excerpt":{"rendered":"<p>En dagsf\u00e4rsk rapport fr\u00e5n Fiskeb\u00e4cks skogar ber\u00e4ttar att all is \u00e4r borta ur skogen.<\/p>\n","protected":false},"author":2,"featured_media":0,"comment_status":"open","ping_status":"open","sticky":false,"template":"","format":"standard","meta":{"footnotes":""},"categories":[262,1],"tags":[],"class_list":["post-1298","post","type-post","status-publish","format-standard","hentry","category-nyheter","category-okategoriserade"],"_links":{"self":[{"href":"https:\/\/www.ifmarinvast.se\/orientering\/wp-json\/wp\/v2\/posts\/1298","targetHints":{"allow":["GET"]}}],"collection":[{"href":"https:\/\/www.ifmarinvast.se\/orientering\/wp-json\/wp\/v2\/posts"}],"about":[{"href":"https:\/\/www.ifmarinvast.se\/orientering\/wp-json\/wp\/v2\/types\/post"}],"author":[{"embeddable":true,"href":"https:\/\/www.ifmarinvast.se\/orientering\/wp-json\/wp\/v2\/users\/2"}],"replies":[{"embeddable":true,"href":"https:\/\/www.ifmarinvast.se\/orientering\/wp-json\/wp\/v2\/comments?post=1298"}],"version-history":[{"count":1,"href":"https:\/\/www.ifmarinvast.se\/orientering\/wp-json\/wp\/v2\/posts\/1298\/revisions"}],"predecessor-version":[{"id":1962,"href":"https:\/\/www.ifmarinvast.se\/orientering\/wp-json\/wp\/v2\/posts\/1298\/revisions\/1962"}],"wp:attachment":[{"href":"https:\/\/www.ifmarinvast.se\/orientering\/wp-json\/wp\/v2\/media?parent=1298"}],"wp:term":[{"taxonomy":"category","embeddable":true,"href":"https:\/\/www.ifmarinvast.se\/orientering\/wp-json\/wp\/v2\/categories?post=1298"},{"taxonomy":"post_tag","embeddable":true,"href":"https:\/\/www.ifmarinvast.se\/orientering\/wp-json\/wp\/v2\/tags?post=1298"}],"curies":[{"name":"wp","href":"https:\/\/api.w.org\/{rel}","templated":true}]}}