{"id":1297,"date":"2007-01-31T00:00:00","date_gmt":"2007-01-30T23:00:00","guid":{"rendered":"http:\/\/ifmarinvast.se\/2016\/kallelse-till-arsmote\/"},"modified":"2015-10-11T14:41:00","modified_gmt":"2015-10-11T12:41:00","slug":"kallelse-till-arsmote","status":"publish","type":"post","link":"https:\/\/www.ifmarinvast.se\/orientering\/kallelse-till-arsmote\/","title":{"rendered":"KALLELSE TILL \u00c5RSM\u00d6TE!"},"content":{"rendered":"<p>Kallelse till \u00c5rsm\u00f6te 2007<\/p>\n<p><img src='http:\/\/www.ifmv.nu\/pic\/klubba.jpg' align='right' border='0'><b>Tid:<\/b> m\u00e5ndagen 26 februari 2007 kl 19.00<br \/><b>Plats:<\/b> Fritidsg\u00e5rden Nya P\u00e5velundsskolan<\/p>\n<p>Efter m\u00f6tet bjuder f\u00f6reningen p\u00e5 fika.<\/p>\n<p><i><b>OBS!<\/b><br \/>Motioner till \u00e5rsm\u00f6tet skickas\/l\u00e4mnas till styrelsen senast 3 veckor innan.<\/i><\/p>\n","protected":false},"excerpt":{"rendered":"<p>Kallelse till \u00c5rsm\u00f6te 2007 Tid: m\u00e5ndagen 26 februari 2007 kl 19.00Plats: Fritidsg\u00e5rden Nya P\u00e5velundsskolan Efter m\u00f6tet bjuder f\u00f6reningen p\u00e5 fika. OBS!Motioner till \u00e5rsm\u00f6tet skickas\/l\u00e4mnas till styrelsen senast 3 veckor innan.<\/p>\n","protected":false},"author":2,"featured_media":0,"comment_status":"open","ping_status":"open","sticky":false,"template":"","format":"standard","meta":{"footnotes":""},"categories":[262,1],"tags":[],"class_list":["post-1297","post","type-post","status-publish","format-standard","hentry","category-nyheter","category-okategoriserade"],"_links":{"self":[{"href":"https:\/\/www.ifmarinvast.se\/orientering\/wp-json\/wp\/v2\/posts\/1297","targetHints":{"allow":["GET"]}}],"collection":[{"href":"https:\/\/www.ifmarinvast.se\/orientering\/wp-json\/wp\/v2\/posts"}],"about":[{"href":"https:\/\/www.ifmarinvast.se\/orientering\/wp-json\/wp\/v2\/types\/post"}],"author":[{"embeddable":true,"href":"https:\/\/www.ifmarinvast.se\/orientering\/wp-json\/wp\/v2\/users\/2"}],"replies":[{"embeddable":true,"href":"https:\/\/www.ifmarinvast.se\/orientering\/wp-json\/wp\/v2\/comments?post=1297"}],"version-history":[{"count":1,"href":"https:\/\/www.ifmarinvast.se\/orientering\/wp-json\/wp\/v2\/posts\/1297\/revisions"}],"predecessor-version":[{"id":1961,"href":"https:\/\/www.ifmarinvast.se\/orientering\/wp-json\/wp\/v2\/posts\/1297\/revisions\/1961"}],"wp:attachment":[{"href":"https:\/\/www.ifmarinvast.se\/orientering\/wp-json\/wp\/v2\/media?parent=1297"}],"wp:term":[{"taxonomy":"category","embeddable":true,"href":"https:\/\/www.ifmarinvast.se\/orientering\/wp-json\/wp\/v2\/categories?post=1297"},{"taxonomy":"post_tag","embeddable":true,"href":"https:\/\/www.ifmarinvast.se\/orientering\/wp-json\/wp\/v2\/tags?post=1297"}],"curies":[{"name":"wp","href":"https:\/\/api.w.org\/{rel}","templated":true}]}}