{"id":1296,"date":"2007-01-27T00:00:00","date_gmt":"2007-01-26T23:00:00","guid":{"rendered":"http:\/\/ifmarinvast.se\/2016\/vintercuporientering\/"},"modified":"2015-10-11T14:41:00","modified_gmt":"2015-10-11T12:41:00","slug":"vintercuporientering","status":"publish","type":"post","link":"https:\/\/www.ifmarinvast.se\/orientering\/vintercuporientering\/","title":{"rendered":"Vintercuporientering!"},"content":{"rendered":"<p>V\u00e5r egen vintercup gick j\u00e4ttebra till slut, tack till er som hj\u00e4lpte till med arrangemanget eller kom och deltog.<\/p>\n<p>Nu \u00e4r det minst fyra, kanske fem etapper som \u00e5terst\u00e5r, den f\u00f6rsta i Lindome imorgon. G\u00e5 in p\u00e5 resp klubbs hemsida via <b>L\u00e4nkar<\/b> f\u00f6r n\u00e4rmare info. <b>V\u00e4lkomna alla!<\/b><\/p>\n<p>28\/1<br \/> IK Uven<br \/> Bunketorp<\/p>\n<p>4\/2<br \/> Fr\u00f6lunda OL<br \/> Klubbstugan i Sisj\u00f6n<\/p>\n<p>18\/2<br \/> Fr\u00f6lunda OL<br \/> Ger\u00e5shallen, Bergsj\u00f6n<\/p>\n<p>25\/2<br \/> Fr\u00f6lunda OL<br \/> Sj\u00f6vallas klubbstuga, Finnsj\u00f6n i M\u00f6lnlycke<\/p>\n<p><b>L\u00d6RDAG 3\/3<\/b><br \/> Herkules<br \/> Herkulesg\u00e5rden<\/p>\n","protected":false},"excerpt":{"rendered":"<p>V\u00e5r egen vintercup gick j\u00e4ttebra till slut, tack till er som hj\u00e4lpte till med arrangemanget eller kom och deltog. Nu \u00e4r det minst fyra, kanske fem etapper som \u00e5terst\u00e5r, den [&hellip;]<\/p>\n","protected":false},"author":2,"featured_media":0,"comment_status":"open","ping_status":"open","sticky":false,"template":"","format":"standard","meta":{"footnotes":""},"categories":[262,1],"tags":[],"class_list":["post-1296","post","type-post","status-publish","format-standard","hentry","category-nyheter","category-okategoriserade"],"_links":{"self":[{"href":"https:\/\/www.ifmarinvast.se\/orientering\/wp-json\/wp\/v2\/posts\/1296","targetHints":{"allow":["GET"]}}],"collection":[{"href":"https:\/\/www.ifmarinvast.se\/orientering\/wp-json\/wp\/v2\/posts"}],"about":[{"href":"https:\/\/www.ifmarinvast.se\/orientering\/wp-json\/wp\/v2\/types\/post"}],"author":[{"embeddable":true,"href":"https:\/\/www.ifmarinvast.se\/orientering\/wp-json\/wp\/v2\/users\/2"}],"replies":[{"embeddable":true,"href":"https:\/\/www.ifmarinvast.se\/orientering\/wp-json\/wp\/v2\/comments?post=1296"}],"version-history":[{"count":1,"href":"https:\/\/www.ifmarinvast.se\/orientering\/wp-json\/wp\/v2\/posts\/1296\/revisions"}],"predecessor-version":[{"id":1960,"href":"https:\/\/www.ifmarinvast.se\/orientering\/wp-json\/wp\/v2\/posts\/1296\/revisions\/1960"}],"wp:attachment":[{"href":"https:\/\/www.ifmarinvast.se\/orientering\/wp-json\/wp\/v2\/media?parent=1296"}],"wp:term":[{"taxonomy":"category","embeddable":true,"href":"https:\/\/www.ifmarinvast.se\/orientering\/wp-json\/wp\/v2\/categories?post=1296"},{"taxonomy":"post_tag","embeddable":true,"href":"https:\/\/www.ifmarinvast.se\/orientering\/wp-json\/wp\/v2\/tags?post=1296"}],"curies":[{"name":"wp","href":"https:\/\/api.w.org\/{rel}","templated":true}]}}