{"id":1293,"date":"2007-01-17T00:00:00","date_gmt":"2007-01-16T23:00:00","guid":{"rendered":"http:\/\/ifmarinvast.se\/2016\/vintercupen-pa-sondag-21-1-ordnas-av-if-marin-vast\/"},"modified":"2015-10-11T14:41:33","modified_gmt":"2015-10-11T12:41:33","slug":"vintercupen-pa-sondag-21-1-ordnas-av-if-marin-vast","status":"publish","type":"post","link":"https:\/\/www.ifmarinvast.se\/orientering\/vintercupen-pa-sondag-21-1-ordnas-av-if-marin-vast\/","title":{"rendered":"Vintercupen p\u00e5 s\u00f6ndag 21\/1 ordnas av IF Marin V\u00e4st"},"content":{"rendered":"<p>Inomklubbingar och utomklubbingar h\u00e4lsas v\u00e4lkomna till Vintercupetapp 1, 2007! N\u00e4rmare information hittar ni i inbjudan. <\/p>\n<p>F\u00f6rra veckan st\u00e4llde vi in p\u00e5 grund av stormen men k\u00f6r nu p\u00e5 s\u00f6ndag ist\u00e4llet. Observera allts\u00e5 att vi arrangerar ist\u00e4llet f\u00f6r Fr\u00f6lunda s\u00e5 var noga med vart ni \u00e5ker.<\/p>\n<p><a href='http:\/\/www.ifmv.nu\/arrangemang\/vintercup2007\/inbjudan_vc1_07.pdf'>Inbjudan>><\/a><br \/><a href='http:\/\/radbo.org\/dok\/PM vcup1 2007.pdf'>PM med uppdaterad baninfo>><\/a><br \/><a href='http:\/\/ifmv.latitud.net:9080\/bilder\/main.php?g2_itemId=14174' target=_blank><img src='http:\/\/ifmv.latitud.net:9080\/bilder\/main.php?g2_view=core.DownloadItem&#038;g2_itemId=14186&#038;g2_serialNumber=2' height='127' width='164' align=center><\/a><\/p>\n<p>ett litet terr\u00e4ngprov ur v\u00e5rt fotoalbum<\/p>\n","protected":false},"excerpt":{"rendered":"<p>Inomklubbingar och utomklubbingar h\u00e4lsas v\u00e4lkomna till Vintercupetapp 1, 2007! N\u00e4rmare information hittar ni i inbjudan. F\u00f6rra veckan st\u00e4llde vi in p\u00e5 grund av stormen men k\u00f6r nu p\u00e5 s\u00f6ndag ist\u00e4llet. [&hellip;]<\/p>\n","protected":false},"author":2,"featured_media":0,"comment_status":"open","ping_status":"open","sticky":false,"template":"","format":"standard","meta":{"footnotes":""},"categories":[262,1],"tags":[],"class_list":["post-1293","post","type-post","status-publish","format-standard","hentry","category-nyheter","category-okategoriserade"],"_links":{"self":[{"href":"https:\/\/www.ifmarinvast.se\/orientering\/wp-json\/wp\/v2\/posts\/1293","targetHints":{"allow":["GET"]}}],"collection":[{"href":"https:\/\/www.ifmarinvast.se\/orientering\/wp-json\/wp\/v2\/posts"}],"about":[{"href":"https:\/\/www.ifmarinvast.se\/orientering\/wp-json\/wp\/v2\/types\/post"}],"author":[{"embeddable":true,"href":"https:\/\/www.ifmarinvast.se\/orientering\/wp-json\/wp\/v2\/users\/2"}],"replies":[{"embeddable":true,"href":"https:\/\/www.ifmarinvast.se\/orientering\/wp-json\/wp\/v2\/comments?post=1293"}],"version-history":[{"count":1,"href":"https:\/\/www.ifmarinvast.se\/orientering\/wp-json\/wp\/v2\/posts\/1293\/revisions"}],"predecessor-version":[{"id":1959,"href":"https:\/\/www.ifmarinvast.se\/orientering\/wp-json\/wp\/v2\/posts\/1293\/revisions\/1959"}],"wp:attachment":[{"href":"https:\/\/www.ifmarinvast.se\/orientering\/wp-json\/wp\/v2\/media?parent=1293"}],"wp:term":[{"taxonomy":"category","embeddable":true,"href":"https:\/\/www.ifmarinvast.se\/orientering\/wp-json\/wp\/v2\/categories?post=1293"},{"taxonomy":"post_tag","embeddable":true,"href":"https:\/\/www.ifmarinvast.se\/orientering\/wp-json\/wp\/v2\/tags?post=1293"}],"curies":[{"name":"wp","href":"https:\/\/api.w.org\/{rel}","templated":true}]}}