{"id":1288,"date":"2007-01-14T00:00:00","date_gmt":"2007-01-13T23:00:00","guid":{"rendered":"http:\/\/ifmarinvast.se\/2016\/vintercupen-installd-pa-grund-av-stormen\/"},"modified":"2015-10-11T14:41:33","modified_gmt":"2015-10-11T12:41:33","slug":"vintercupen-installd-pa-grund-av-stormen","status":"publish","type":"post","link":"https:\/\/www.ifmarinvast.se\/orientering\/vintercupen-installd-pa-grund-av-stormen\/","title":{"rendered":"Vintercupen INST\u00c4LLD p\u00e5 grund av stormen"},"content":{"rendered":"<p>P\u00e5 grund av alla varningar som utf\u00e4rdats och d\u00e5 SMHI fortfarande nu p\u00e5 s\u00f6ndag morgon kl. 07:00 vidh\u00e5ller att det kan bli orkan under f\u00f6rmiddagen s\u00e5 k\u00e4nner vi oss tvingade att st\u00e4lla in dagens etapp. <\/p>\n<p>Mer info kommer s\u00e5 fort vi vet mer. Ring g\u00e4rna om ni har fr\u00e5gor, Martin tel. 031-545480.<br \/>\/\/ Linda o Martin<\/p>\n","protected":false},"excerpt":{"rendered":"<p>P\u00e5 grund av alla varningar som utf\u00e4rdats och d\u00e5 SMHI fortfarande nu p\u00e5 s\u00f6ndag morgon kl. 07:00 vidh\u00e5ller att det kan bli orkan under f\u00f6rmiddagen s\u00e5 k\u00e4nner vi oss tvingade [&hellip;]<\/p>\n","protected":false},"author":2,"featured_media":0,"comment_status":"open","ping_status":"open","sticky":false,"template":"","format":"standard","meta":{"footnotes":""},"categories":[262,1],"tags":[],"class_list":["post-1288","post","type-post","status-publish","format-standard","hentry","category-nyheter","category-okategoriserade"],"_links":{"self":[{"href":"https:\/\/www.ifmarinvast.se\/orientering\/wp-json\/wp\/v2\/posts\/1288","targetHints":{"allow":["GET"]}}],"collection":[{"href":"https:\/\/www.ifmarinvast.se\/orientering\/wp-json\/wp\/v2\/posts"}],"about":[{"href":"https:\/\/www.ifmarinvast.se\/orientering\/wp-json\/wp\/v2\/types\/post"}],"author":[{"embeddable":true,"href":"https:\/\/www.ifmarinvast.se\/orientering\/wp-json\/wp\/v2\/users\/2"}],"replies":[{"embeddable":true,"href":"https:\/\/www.ifmarinvast.se\/orientering\/wp-json\/wp\/v2\/comments?post=1288"}],"version-history":[{"count":1,"href":"https:\/\/www.ifmarinvast.se\/orientering\/wp-json\/wp\/v2\/posts\/1288\/revisions"}],"predecessor-version":[{"id":1957,"href":"https:\/\/www.ifmarinvast.se\/orientering\/wp-json\/wp\/v2\/posts\/1288\/revisions\/1957"}],"wp:attachment":[{"href":"https:\/\/www.ifmarinvast.se\/orientering\/wp-json\/wp\/v2\/media?parent=1288"}],"wp:term":[{"taxonomy":"category","embeddable":true,"href":"https:\/\/www.ifmarinvast.se\/orientering\/wp-json\/wp\/v2\/categories?post=1288"},{"taxonomy":"post_tag","embeddable":true,"href":"https:\/\/www.ifmarinvast.se\/orientering\/wp-json\/wp\/v2\/tags?post=1288"}],"curies":[{"name":"wp","href":"https:\/\/api.w.org\/{rel}","templated":true}]}}