{"id":1286,"date":"2007-01-09T00:00:00","date_gmt":"2007-01-08T23:00:00","guid":{"rendered":"http:\/\/ifmarinvast.se\/2016\/innetraningar-i-var\/"},"modified":"2015-10-11T14:41:33","modified_gmt":"2015-10-11T12:41:33","slug":"innetraningar-i-var","status":"publish","type":"post","link":"https:\/\/www.ifmarinvast.se\/orientering\/innetraningar-i-var\/","title":{"rendered":"Innetr\u00e4ningar i v\u00e5r!"},"content":{"rendered":"<p>Vi kommer att ha innetr\u00e4ningar en dag i veckan fram tills orienteringss\u00e4songen b\u00f6rjar. \u00d6ppet f\u00f6r alla, ungdomar och vuxna. Tr\u00e4ningarna b\u00f6rjar nu p\u00e5<\/p>\n<p><b> fredag 12 jan, kl 18-19.30<\/b><br \/> i Hagenskolans gymnastiksal<\/p>\n<p>Var med p\u00e5 styrketr\u00e4ning (f\u00f6rst) och\/eller innebandy (sedan). <b>Ta med innebandyklubba om du har.<\/b> <br \/>V\u00e4lkomna!<\/p>\n","protected":false},"excerpt":{"rendered":"<p>Vi kommer att ha innetr\u00e4ningar en dag i veckan fram tills orienteringss\u00e4songen b\u00f6rjar. \u00d6ppet f\u00f6r alla, ungdomar och vuxna. Tr\u00e4ningarna b\u00f6rjar nu p\u00e5 fredag 12 jan, kl 18-19.30 i Hagenskolans [&hellip;]<\/p>\n","protected":false},"author":2,"featured_media":0,"comment_status":"open","ping_status":"open","sticky":false,"template":"","format":"standard","meta":{"footnotes":""},"categories":[262,1],"tags":[],"class_list":["post-1286","post","type-post","status-publish","format-standard","hentry","category-nyheter","category-okategoriserade"],"_links":{"self":[{"href":"https:\/\/www.ifmarinvast.se\/orientering\/wp-json\/wp\/v2\/posts\/1286","targetHints":{"allow":["GET"]}}],"collection":[{"href":"https:\/\/www.ifmarinvast.se\/orientering\/wp-json\/wp\/v2\/posts"}],"about":[{"href":"https:\/\/www.ifmarinvast.se\/orientering\/wp-json\/wp\/v2\/types\/post"}],"author":[{"embeddable":true,"href":"https:\/\/www.ifmarinvast.se\/orientering\/wp-json\/wp\/v2\/users\/2"}],"replies":[{"embeddable":true,"href":"https:\/\/www.ifmarinvast.se\/orientering\/wp-json\/wp\/v2\/comments?post=1286"}],"version-history":[{"count":1,"href":"https:\/\/www.ifmarinvast.se\/orientering\/wp-json\/wp\/v2\/posts\/1286\/revisions"}],"predecessor-version":[{"id":1955,"href":"https:\/\/www.ifmarinvast.se\/orientering\/wp-json\/wp\/v2\/posts\/1286\/revisions\/1955"}],"wp:attachment":[{"href":"https:\/\/www.ifmarinvast.se\/orientering\/wp-json\/wp\/v2\/media?parent=1286"}],"wp:term":[{"taxonomy":"category","embeddable":true,"href":"https:\/\/www.ifmarinvast.se\/orientering\/wp-json\/wp\/v2\/categories?post=1286"},{"taxonomy":"post_tag","embeddable":true,"href":"https:\/\/www.ifmarinvast.se\/orientering\/wp-json\/wp\/v2\/tags?post=1286"}],"curies":[{"name":"wp","href":"https:\/\/api.w.org\/{rel}","templated":true}]}}