{"id":1280,"date":"2006-12-28T00:00:00","date_gmt":"2006-12-27T23:00:00","guid":{"rendered":"http:\/\/ifmarinvast.se\/2016\/nagot-att-se-fram-emot\/"},"modified":"2015-10-11T14:41:34","modified_gmt":"2015-10-11T12:41:34","slug":"nagot-att-se-fram-emot","status":"publish","type":"post","link":"https:\/\/www.ifmarinvast.se\/orientering\/nagot-att-se-fram-emot\/","title":{"rendered":"N\u00e5got att se fram emot&#8230;"},"content":{"rendered":"<p><img src='http:\/\/ifmv.latitud.net:9080\/bilder\/main.php?g2_view=core.DownloadItem&#038;g2_itemId=7990&#038;g2_serialNumber=2' height='150' width='113' align='right'><br \/>S\u00f6ndagen den 14 januari kl 10 arrangerar IFMV \u00e5rets f\u00f6rsta vintercupetapp, med start och m\u00e5l vid scoutg\u00e5rden Skutan i Fiskeb\u00e4ck.<\/p>\n<p>Mer info kommer h\u00e4r p\u00e5 hemsidan l\u00e4ngre fram.<\/p>\n<p><b>V\u00e4lkomna!<\/b><\/p>\n","protected":false},"excerpt":{"rendered":"<p>S\u00f6ndagen den 14 januari kl 10 arrangerar IFMV \u00e5rets f\u00f6rsta vintercupetapp, med start och m\u00e5l vid scoutg\u00e5rden Skutan i Fiskeb\u00e4ck. Mer info kommer h\u00e4r p\u00e5 hemsidan l\u00e4ngre fram. V\u00e4lkomna!<\/p>\n","protected":false},"author":2,"featured_media":0,"comment_status":"open","ping_status":"open","sticky":false,"template":"","format":"standard","meta":{"footnotes":""},"categories":[262,1],"tags":[],"class_list":["post-1280","post","type-post","status-publish","format-standard","hentry","category-nyheter","category-okategoriserade"],"_links":{"self":[{"href":"https:\/\/www.ifmarinvast.se\/orientering\/wp-json\/wp\/v2\/posts\/1280","targetHints":{"allow":["GET"]}}],"collection":[{"href":"https:\/\/www.ifmarinvast.se\/orientering\/wp-json\/wp\/v2\/posts"}],"about":[{"href":"https:\/\/www.ifmarinvast.se\/orientering\/wp-json\/wp\/v2\/types\/post"}],"author":[{"embeddable":true,"href":"https:\/\/www.ifmarinvast.se\/orientering\/wp-json\/wp\/v2\/users\/2"}],"replies":[{"embeddable":true,"href":"https:\/\/www.ifmarinvast.se\/orientering\/wp-json\/wp\/v2\/comments?post=1280"}],"version-history":[{"count":1,"href":"https:\/\/www.ifmarinvast.se\/orientering\/wp-json\/wp\/v2\/posts\/1280\/revisions"}],"predecessor-version":[{"id":3054,"href":"https:\/\/www.ifmarinvast.se\/orientering\/wp-json\/wp\/v2\/posts\/1280\/revisions\/3054"}],"wp:attachment":[{"href":"https:\/\/www.ifmarinvast.se\/orientering\/wp-json\/wp\/v2\/media?parent=1280"}],"wp:term":[{"taxonomy":"category","embeddable":true,"href":"https:\/\/www.ifmarinvast.se\/orientering\/wp-json\/wp\/v2\/categories?post=1280"},{"taxonomy":"post_tag","embeddable":true,"href":"https:\/\/www.ifmarinvast.se\/orientering\/wp-json\/wp\/v2\/tags?post=1280"}],"curies":[{"name":"wp","href":"https:\/\/api.w.org\/{rel}","templated":true}]}}