{"id":1277,"date":"2006-12-17T00:00:00","date_gmt":"2006-12-16T23:00:00","guid":{"rendered":"http:\/\/ifmarinvast.se\/2016\/rapport-fran-hostavslutningen\/"},"modified":"2015-10-11T14:41:34","modified_gmt":"2015-10-11T12:41:34","slug":"rapport-fran-hostavslutningen","status":"publish","type":"post","link":"https:\/\/www.ifmarinvast.se\/orientering\/rapport-fran-hostavslutningen\/","title":{"rendered":"Rapport fr\u00e5n h\u00f6stavslutningen"},"content":{"rendered":"<p>H\u00f6stavslutningen p\u00e5 l\u00f6rdagen avl\u00f6pte v\u00e4l p\u00e5 alla s\u00e4tt, som alltid!<br \/>* kakor och kaffe i m\u00e4ngd, tack alla som bakade!<br \/>* Vaktm\u00e4startomten var p\u00e5 gott hum\u00f6r<br \/>* Alla som f\u00f6rs\u00f6kte fuska i bollkastart\u00e4vlingen misslyckades, men dagens yngsta deltagare visade hur man skulle g\u00f6ra med en l\u00e4cker v\u00e4nsterhandled<br \/>* Julkorven vanns av en vegetarian<br \/>* M\u00e4ngder av appl\u00e5der och r\u00e4ttm\u00e4tiga vinnare<\/p>\n<p>Ha nu en sk\u00f6n jul allihop, s\u00e5 syns vi n\u00e4sta \u00e5r!<br \/>Tips om allt ni kan inleda 2007 med kommer i infobladet, snart<br \/> &#8211; och n\u00e4sta \u00e5r har vi mj\u00f6lk till kaffet!<\/p>\n","protected":false},"excerpt":{"rendered":"<p>H\u00f6stavslutningen p\u00e5 l\u00f6rdagen avl\u00f6pte v\u00e4l p\u00e5 alla s\u00e4tt, som alltid!* kakor och kaffe i m\u00e4ngd, tack alla som bakade!* Vaktm\u00e4startomten var p\u00e5 gott hum\u00f6r* Alla som f\u00f6rs\u00f6kte fuska i bollkastart\u00e4vlingen [&hellip;]<\/p>\n","protected":false},"author":2,"featured_media":0,"comment_status":"open","ping_status":"open","sticky":false,"template":"","format":"standard","meta":{"footnotes":""},"categories":[262,1],"tags":[],"class_list":["post-1277","post","type-post","status-publish","format-standard","hentry","category-nyheter","category-okategoriserade"],"_links":{"self":[{"href":"https:\/\/www.ifmarinvast.se\/orientering\/wp-json\/wp\/v2\/posts\/1277","targetHints":{"allow":["GET"]}}],"collection":[{"href":"https:\/\/www.ifmarinvast.se\/orientering\/wp-json\/wp\/v2\/posts"}],"about":[{"href":"https:\/\/www.ifmarinvast.se\/orientering\/wp-json\/wp\/v2\/types\/post"}],"author":[{"embeddable":true,"href":"https:\/\/www.ifmarinvast.se\/orientering\/wp-json\/wp\/v2\/users\/2"}],"replies":[{"embeddable":true,"href":"https:\/\/www.ifmarinvast.se\/orientering\/wp-json\/wp\/v2\/comments?post=1277"}],"version-history":[{"count":1,"href":"https:\/\/www.ifmarinvast.se\/orientering\/wp-json\/wp\/v2\/posts\/1277\/revisions"}],"predecessor-version":[{"id":1953,"href":"https:\/\/www.ifmarinvast.se\/orientering\/wp-json\/wp\/v2\/posts\/1277\/revisions\/1953"}],"wp:attachment":[{"href":"https:\/\/www.ifmarinvast.se\/orientering\/wp-json\/wp\/v2\/media?parent=1277"}],"wp:term":[{"taxonomy":"category","embeddable":true,"href":"https:\/\/www.ifmarinvast.se\/orientering\/wp-json\/wp\/v2\/categories?post=1277"},{"taxonomy":"post_tag","embeddable":true,"href":"https:\/\/www.ifmarinvast.se\/orientering\/wp-json\/wp\/v2\/tags?post=1277"}],"curies":[{"name":"wp","href":"https:\/\/api.w.org\/{rel}","templated":true}]}}