{"id":1275,"date":"2006-12-11T00:00:00","date_gmt":"2006-12-10T23:00:00","guid":{"rendered":"http:\/\/ifmarinvast.se\/2016\/hostavslutning-nu-pa-lordag\/"},"modified":"2015-10-11T14:41:34","modified_gmt":"2015-10-11T12:41:34","slug":"hostavslutning-nu-pa-lordag","status":"publish","type":"post","link":"https:\/\/www.ifmarinvast.se\/orientering\/hostavslutning-nu-pa-lordag\/","title":{"rendered":"H\u00f6stavslutning nu p\u00e5 l\u00f6rdag!"},"content":{"rendered":"<p>Gl\u00f6m inte h\u00f6stavslutningen nu p\u00e5 l\u00f6rdag den 16 dec kl 11-14<\/p>\n<p><a href='http:\/\/www.ifmv.nu\/aktuellt\/avslutninght06.asp'>Ni anm\u00e4ler er H\u00c4R, senast onsdag 13\/12!<\/a><\/p>\n<p>Kl\u00e4dsel f\u00f6r en intressant orienteringsbetonad uteaktivitet. Dessutom blir det god fika och trevligt myspys i klubbstugan! <\/p>\n<p>\u00c5rets prestationer och priser kommer att avsl\u00f6jas och uppm\u00e4rksammas&#8230; Ta med hela familjen!<\/p>\n<p><b>Samling vid vakten, G\u00f6teborgs garnison,<br \/>kl 10.50 <\/b><\/p>\n<p>V\u00e4lkomna!!<\/p>\n","protected":false},"excerpt":{"rendered":"<p>Gl\u00f6m inte h\u00f6stavslutningen nu p\u00e5 l\u00f6rdag den 16 dec kl 11-14 Ni anm\u00e4ler er H\u00c4R, senast onsdag 13\/12! Kl\u00e4dsel f\u00f6r en intressant orienteringsbetonad uteaktivitet. Dessutom blir det god fika och [&hellip;]<\/p>\n","protected":false},"author":2,"featured_media":0,"comment_status":"open","ping_status":"open","sticky":false,"template":"","format":"standard","meta":{"footnotes":""},"categories":[262,1],"tags":[],"class_list":["post-1275","post","type-post","status-publish","format-standard","hentry","category-nyheter","category-okategoriserade"],"_links":{"self":[{"href":"https:\/\/www.ifmarinvast.se\/orientering\/wp-json\/wp\/v2\/posts\/1275","targetHints":{"allow":["GET"]}}],"collection":[{"href":"https:\/\/www.ifmarinvast.se\/orientering\/wp-json\/wp\/v2\/posts"}],"about":[{"href":"https:\/\/www.ifmarinvast.se\/orientering\/wp-json\/wp\/v2\/types\/post"}],"author":[{"embeddable":true,"href":"https:\/\/www.ifmarinvast.se\/orientering\/wp-json\/wp\/v2\/users\/2"}],"replies":[{"embeddable":true,"href":"https:\/\/www.ifmarinvast.se\/orientering\/wp-json\/wp\/v2\/comments?post=1275"}],"version-history":[{"count":1,"href":"https:\/\/www.ifmarinvast.se\/orientering\/wp-json\/wp\/v2\/posts\/1275\/revisions"}],"predecessor-version":[{"id":3055,"href":"https:\/\/www.ifmarinvast.se\/orientering\/wp-json\/wp\/v2\/posts\/1275\/revisions\/3055"}],"wp:attachment":[{"href":"https:\/\/www.ifmarinvast.se\/orientering\/wp-json\/wp\/v2\/media?parent=1275"}],"wp:term":[{"taxonomy":"category","embeddable":true,"href":"https:\/\/www.ifmarinvast.se\/orientering\/wp-json\/wp\/v2\/categories?post=1275"},{"taxonomy":"post_tag","embeddable":true,"href":"https:\/\/www.ifmarinvast.se\/orientering\/wp-json\/wp\/v2\/tags?post=1275"}],"curies":[{"name":"wp","href":"https:\/\/api.w.org\/{rel}","templated":true}]}}