{"id":1270,"date":"2006-11-26T00:00:00","date_gmt":"2006-11-25T23:00:00","guid":{"rendered":"http:\/\/ifmarinvast.se\/2016\/hostavslutning-16-dec-kl-11-14\/"},"modified":"2015-10-11T14:41:34","modified_gmt":"2015-10-11T12:41:34","slug":"hostavslutning-16-dec-kl-11-14","status":"publish","type":"post","link":"https:\/\/www.ifmarinvast.se\/orientering\/hostavslutning-16-dec-kl-11-14\/","title":{"rendered":"H\u00f6stavslutning 16 dec kl 11-14"},"content":{"rendered":"<p><img src='http:\/\/ifmv.latitud.net:9080\/bilder\/main.php?g2_view=core.DownloadItem&#038;g2_itemId=9486&#038;g2_serialNumber=2' height='112' width='150' align='right'><br \/>Alla medlemmar h\u00e4lsas v\u00e4lkomna till h\u00f6stavslutningen!<\/p>\n<p>Samling vid vakten, G\u00f6teborgs garnison,<br \/><b>kl 10.50 l\u00f6r 16 dec<\/b><\/p>\n<p>Det kommer att bli en intressant orienterings-betonad <b>aktivitet<\/b> (kl\u00e4der efter v\u00e4der och lite skogsvistelse), god <b>fika<\/b> och trevligt <b>myspys<\/b> i klubbstugan. Dessutom kommer <b>\u00e5rets prestationer och priser<\/b> avsl\u00f6jas och uppm\u00e4rksammas! Ta med hela familjen!<\/p>\n<p><a href='aktuellt\/avslutninght06.asp '>till anm\u00e4lan>><\/a><\/p>\n<p>Har du lust och m\u00f6jlighet att bidra med en kaka eller s\u00e5, kontakta <a href='mailto:anders@ifmv.nu'>anders@ifmv.nu<\/a><\/p>\n<p>V\u00e4lkomna!!<\/p>\n","protected":false},"excerpt":{"rendered":"<p>Alla medlemmar h\u00e4lsas v\u00e4lkomna till h\u00f6stavslutningen! Samling vid vakten, G\u00f6teborgs garnison,kl 10.50 l\u00f6r 16 dec Det kommer att bli en intressant orienterings-betonad aktivitet (kl\u00e4der efter v\u00e4der och lite skogsvistelse), god [&hellip;]<\/p>\n","protected":false},"author":2,"featured_media":0,"comment_status":"open","ping_status":"open","sticky":false,"template":"","format":"standard","meta":{"footnotes":""},"categories":[262,1],"tags":[],"class_list":["post-1270","post","type-post","status-publish","format-standard","hentry","category-nyheter","category-okategoriserade"],"_links":{"self":[{"href":"https:\/\/www.ifmarinvast.se\/orientering\/wp-json\/wp\/v2\/posts\/1270","targetHints":{"allow":["GET"]}}],"collection":[{"href":"https:\/\/www.ifmarinvast.se\/orientering\/wp-json\/wp\/v2\/posts"}],"about":[{"href":"https:\/\/www.ifmarinvast.se\/orientering\/wp-json\/wp\/v2\/types\/post"}],"author":[{"embeddable":true,"href":"https:\/\/www.ifmarinvast.se\/orientering\/wp-json\/wp\/v2\/users\/2"}],"replies":[{"embeddable":true,"href":"https:\/\/www.ifmarinvast.se\/orientering\/wp-json\/wp\/v2\/comments?post=1270"}],"version-history":[{"count":1,"href":"https:\/\/www.ifmarinvast.se\/orientering\/wp-json\/wp\/v2\/posts\/1270\/revisions"}],"predecessor-version":[{"id":3056,"href":"https:\/\/www.ifmarinvast.se\/orientering\/wp-json\/wp\/v2\/posts\/1270\/revisions\/3056"}],"wp:attachment":[{"href":"https:\/\/www.ifmarinvast.se\/orientering\/wp-json\/wp\/v2\/media?parent=1270"}],"wp:term":[{"taxonomy":"category","embeddable":true,"href":"https:\/\/www.ifmarinvast.se\/orientering\/wp-json\/wp\/v2\/categories?post=1270"},{"taxonomy":"post_tag","embeddable":true,"href":"https:\/\/www.ifmarinvast.se\/orientering\/wp-json\/wp\/v2\/tags?post=1270"}],"curies":[{"name":"wp","href":"https:\/\/api.w.org\/{rel}","templated":true}]}}