{"id":1263,"date":"2006-11-18T00:00:00","date_gmt":"2006-11-17T23:00:00","guid":{"rendered":"http:\/\/ifmarinvast.se\/2016\/fina-prestationer-pa-alehofs-lang-km\/"},"modified":"2015-10-11T14:41:34","modified_gmt":"2015-10-11T12:41:34","slug":"fina-prestationer-pa-alehofs-lang-km","status":"publish","type":"post","link":"https:\/\/www.ifmarinvast.se\/orientering\/fina-prestationer-pa-alehofs-lang-km\/","title":{"rendered":"Fina prestationer p\u00e5 Alehofs l\u00e5ng-KM"},"content":{"rendered":"<p>I V\u00e4ttlefj\u00e4lls bl\u00f6ta skogar och stigar avgjordes idag Alehofs \u00e5rliga l\u00e5ng-KM. (Ultra-ultra-l\u00e5ng \u00e4r s\u00e4kert det korrekta begreppet.)<\/p>\n<p>Grattis till Anders Jonsson som vann sinn klass (\u00f6ppen klass)  Enda problemet var det stora stearinljuset som han fick som pris, n\u00e4stan f\u00f6r stort f\u00f6r bilen. <br \/>Endast <strike>n\u00e5gra minuter<\/strike> 59 korta sekunder bakom kom Linda som sprang sin riktiga klass. H\u00e4rligt jobbat. <\/p>\n<p>Uppm\u00e4rksammas b\u00f6r \u00e4ven v\u00e5ra f\u00f6re detta klubbkamrater Hanna och Emma som p\u00e5 sitt f\u00f6rsta l\u00e5ng-KM enkelt vann sin klass \u00f6ver 11 km. Linda h\u00e4lsar att &#8217;Jag har l\u00e4rt er allt jag kan!&#8217;<\/p>\n","protected":false},"excerpt":{"rendered":"<p>I V\u00e4ttlefj\u00e4lls bl\u00f6ta skogar och stigar avgjordes idag Alehofs \u00e5rliga l\u00e5ng-KM. (Ultra-ultra-l\u00e5ng \u00e4r s\u00e4kert det korrekta begreppet.) Grattis till Anders Jonsson som vann sinn klass (\u00f6ppen klass) Enda problemet var [&hellip;]<\/p>\n","protected":false},"author":2,"featured_media":0,"comment_status":"open","ping_status":"open","sticky":false,"template":"","format":"standard","meta":{"footnotes":""},"categories":[262,1],"tags":[],"class_list":["post-1263","post","type-post","status-publish","format-standard","hentry","category-nyheter","category-okategoriserade"],"_links":{"self":[{"href":"https:\/\/www.ifmarinvast.se\/orientering\/wp-json\/wp\/v2\/posts\/1263","targetHints":{"allow":["GET"]}}],"collection":[{"href":"https:\/\/www.ifmarinvast.se\/orientering\/wp-json\/wp\/v2\/posts"}],"about":[{"href":"https:\/\/www.ifmarinvast.se\/orientering\/wp-json\/wp\/v2\/types\/post"}],"author":[{"embeddable":true,"href":"https:\/\/www.ifmarinvast.se\/orientering\/wp-json\/wp\/v2\/users\/2"}],"replies":[{"embeddable":true,"href":"https:\/\/www.ifmarinvast.se\/orientering\/wp-json\/wp\/v2\/comments?post=1263"}],"version-history":[{"count":1,"href":"https:\/\/www.ifmarinvast.se\/orientering\/wp-json\/wp\/v2\/posts\/1263\/revisions"}],"predecessor-version":[{"id":1949,"href":"https:\/\/www.ifmarinvast.se\/orientering\/wp-json\/wp\/v2\/posts\/1263\/revisions\/1949"}],"wp:attachment":[{"href":"https:\/\/www.ifmarinvast.se\/orientering\/wp-json\/wp\/v2\/media?parent=1263"}],"wp:term":[{"taxonomy":"category","embeddable":true,"href":"https:\/\/www.ifmarinvast.se\/orientering\/wp-json\/wp\/v2\/categories?post=1263"},{"taxonomy":"post_tag","embeddable":true,"href":"https:\/\/www.ifmarinvast.se\/orientering\/wp-json\/wp\/v2\/tags?post=1263"}],"curies":[{"name":"wp","href":"https:\/\/api.w.org\/{rel}","templated":true}]}}