{"id":1257,"date":"2006-11-10T00:00:00","date_gmt":"2006-11-09T23:00:00","guid":{"rendered":"http:\/\/ifmarinvast.se\/2016\/1157\/"},"modified":"2015-10-11T14:41:35","modified_gmt":"2015-10-11T12:41:35","slug":"1157","status":"publish","type":"post","link":"https:\/\/www.ifmarinvast.se\/orientering\/1157\/","title":{"rendered":"1157"},"content":{"rendered":"<p>P\u00e5 tisdag 14\/11 kan jag inte leda stavg\u00e5ngen, s\u00e5 de som vill g\u00e5r p\u00e5 egen hand.<\/p>\n","protected":false},"excerpt":{"rendered":"<p>P\u00e5 tisdag 14\/11 kan jag inte leda stavg\u00e5ngen, s\u00e5 de som vill g\u00e5r p\u00e5 egen hand.<\/p>\n","protected":false},"author":2,"featured_media":0,"comment_status":"open","ping_status":"open","sticky":false,"template":"","format":"standard","meta":{"footnotes":""},"categories":[262,1],"tags":[],"class_list":["post-1257","post","type-post","status-publish","format-standard","hentry","category-nyheter","category-okategoriserade"],"_links":{"self":[{"href":"https:\/\/www.ifmarinvast.se\/orientering\/wp-json\/wp\/v2\/posts\/1257","targetHints":{"allow":["GET"]}}],"collection":[{"href":"https:\/\/www.ifmarinvast.se\/orientering\/wp-json\/wp\/v2\/posts"}],"about":[{"href":"https:\/\/www.ifmarinvast.se\/orientering\/wp-json\/wp\/v2\/types\/post"}],"author":[{"embeddable":true,"href":"https:\/\/www.ifmarinvast.se\/orientering\/wp-json\/wp\/v2\/users\/2"}],"replies":[{"embeddable":true,"href":"https:\/\/www.ifmarinvast.se\/orientering\/wp-json\/wp\/v2\/comments?post=1257"}],"version-history":[{"count":1,"href":"https:\/\/www.ifmarinvast.se\/orientering\/wp-json\/wp\/v2\/posts\/1257\/revisions"}],"predecessor-version":[{"id":3057,"href":"https:\/\/www.ifmarinvast.se\/orientering\/wp-json\/wp\/v2\/posts\/1257\/revisions\/3057"}],"wp:attachment":[{"href":"https:\/\/www.ifmarinvast.se\/orientering\/wp-json\/wp\/v2\/media?parent=1257"}],"wp:term":[{"taxonomy":"category","embeddable":true,"href":"https:\/\/www.ifmarinvast.se\/orientering\/wp-json\/wp\/v2\/categories?post=1257"},{"taxonomy":"post_tag","embeddable":true,"href":"https:\/\/www.ifmarinvast.se\/orientering\/wp-json\/wp\/v2\/tags?post=1257"}],"curies":[{"name":"wp","href":"https:\/\/api.w.org\/{rel}","templated":true}]}}