{"id":1247,"date":"2006-10-15T00:00:00","date_gmt":"2006-10-14T22:00:00","guid":{"rendered":"http:\/\/ifmarinvast.se\/2016\/inbjudan-natt-km-26-okt\/"},"modified":"2015-10-11T14:41:50","modified_gmt":"2015-10-11T12:41:50","slug":"inbjudan-natt-km-26-okt","status":"publish","type":"post","link":"https:\/\/www.ifmarinvast.se\/orientering\/inbjudan-natt-km-26-okt\/","title":{"rendered":"Inbjudan Natt-KM 26 okt"},"content":{"rendered":"<p>Samarrangemang med Herkules, FR\u00f6lunda, Uven. <\/p>\n<p>L\u00e4s hela injudan h\u00e4r:<br \/><a href='http:\/\/www.fkherkules.net\/herkules\/filer\/nattol.doc' target='_blank'>www.fkherkules.net\/herkules\/filer\/nattol.doc<\/a><br \/>Anm\u00e4lan senast 21 okt.<\/p>\n","protected":false},"excerpt":{"rendered":"<p>Samarrangemang med Herkules, FR\u00f6lunda, Uven. L\u00e4s hela injudan h\u00e4r:www.fkherkules.net\/herkules\/filer\/nattol.docAnm\u00e4lan senast 21 okt.<\/p>\n","protected":false},"author":2,"featured_media":0,"comment_status":"open","ping_status":"open","sticky":false,"template":"","format":"standard","meta":{"footnotes":""},"categories":[262,1],"tags":[],"class_list":["post-1247","post","type-post","status-publish","format-standard","hentry","category-nyheter","category-okategoriserade"],"_links":{"self":[{"href":"https:\/\/www.ifmarinvast.se\/orientering\/wp-json\/wp\/v2\/posts\/1247","targetHints":{"allow":["GET"]}}],"collection":[{"href":"https:\/\/www.ifmarinvast.se\/orientering\/wp-json\/wp\/v2\/posts"}],"about":[{"href":"https:\/\/www.ifmarinvast.se\/orientering\/wp-json\/wp\/v2\/types\/post"}],"author":[{"embeddable":true,"href":"https:\/\/www.ifmarinvast.se\/orientering\/wp-json\/wp\/v2\/users\/2"}],"replies":[{"embeddable":true,"href":"https:\/\/www.ifmarinvast.se\/orientering\/wp-json\/wp\/v2\/comments?post=1247"}],"version-history":[{"count":1,"href":"https:\/\/www.ifmarinvast.se\/orientering\/wp-json\/wp\/v2\/posts\/1247\/revisions"}],"predecessor-version":[{"id":1935,"href":"https:\/\/www.ifmarinvast.se\/orientering\/wp-json\/wp\/v2\/posts\/1247\/revisions\/1935"}],"wp:attachment":[{"href":"https:\/\/www.ifmarinvast.se\/orientering\/wp-json\/wp\/v2\/media?parent=1247"}],"wp:term":[{"taxonomy":"category","embeddable":true,"href":"https:\/\/www.ifmarinvast.se\/orientering\/wp-json\/wp\/v2\/categories?post=1247"},{"taxonomy":"post_tag","embeddable":true,"href":"https:\/\/www.ifmarinvast.se\/orientering\/wp-json\/wp\/v2\/tags?post=1247"}],"curies":[{"name":"wp","href":"https:\/\/api.w.org\/{rel}","templated":true}]}}