{"id":1246,"date":"2006-10-14T00:00:00","date_gmt":"2006-10-13T22:00:00","guid":{"rendered":"http:\/\/ifmarinvast.se\/2016\/frida-vann-ikvall\/"},"modified":"2015-10-11T14:41:51","modified_gmt":"2015-10-11T12:41:51","slug":"frida-vann-ikvall","status":"publish","type":"post","link":"https:\/\/www.ifmarinvast.se\/orientering\/frida-vann-ikvall\/","title":{"rendered":"Frida vann ikv\u00e4ll!"},"content":{"rendered":"<p>Under f\u00f6rsta etappen av \u00e5rets N\u00e4rnattcup slog Frida alla tjejer och killar i U2 genom ett j\u00e4mnt och s\u00e4kert lopp. Grattis!<\/p>\n<p>Ni andra ungdomar, ta chansen att springa N\u00e4rnattcupen ni ocks\u00e5 &#8211; det \u00e4r tre delt\u00e4vlingar kvar, den sista \u00e4r v\u00e5r egen i P\u00e5velund. <b>Det g\u00e5r att anm\u00e4la sig till etapp 2 och 3 nu! <\/b>Klubben l\u00e5nar g\u00e4rna ut pannlampor om ni h\u00f6r av er i f\u00f6rv\u00e4g!<\/p>\n","protected":false},"excerpt":{"rendered":"<p>Under f\u00f6rsta etappen av \u00e5rets N\u00e4rnattcup slog Frida alla tjejer och killar i U2 genom ett j\u00e4mnt och s\u00e4kert lopp. Grattis! Ni andra ungdomar, ta chansen att springa N\u00e4rnattcupen ni [&hellip;]<\/p>\n","protected":false},"author":2,"featured_media":0,"comment_status":"open","ping_status":"open","sticky":false,"template":"","format":"standard","meta":{"footnotes":""},"categories":[262,1],"tags":[],"class_list":["post-1246","post","type-post","status-publish","format-standard","hentry","category-nyheter","category-okategoriserade"],"_links":{"self":[{"href":"https:\/\/www.ifmarinvast.se\/orientering\/wp-json\/wp\/v2\/posts\/1246","targetHints":{"allow":["GET"]}}],"collection":[{"href":"https:\/\/www.ifmarinvast.se\/orientering\/wp-json\/wp\/v2\/posts"}],"about":[{"href":"https:\/\/www.ifmarinvast.se\/orientering\/wp-json\/wp\/v2\/types\/post"}],"author":[{"embeddable":true,"href":"https:\/\/www.ifmarinvast.se\/orientering\/wp-json\/wp\/v2\/users\/2"}],"replies":[{"embeddable":true,"href":"https:\/\/www.ifmarinvast.se\/orientering\/wp-json\/wp\/v2\/comments?post=1246"}],"version-history":[{"count":1,"href":"https:\/\/www.ifmarinvast.se\/orientering\/wp-json\/wp\/v2\/posts\/1246\/revisions"}],"predecessor-version":[{"id":1934,"href":"https:\/\/www.ifmarinvast.se\/orientering\/wp-json\/wp\/v2\/posts\/1246\/revisions\/1934"}],"wp:attachment":[{"href":"https:\/\/www.ifmarinvast.se\/orientering\/wp-json\/wp\/v2\/media?parent=1246"}],"wp:term":[{"taxonomy":"category","embeddable":true,"href":"https:\/\/www.ifmarinvast.se\/orientering\/wp-json\/wp\/v2\/categories?post=1246"},{"taxonomy":"post_tag","embeddable":true,"href":"https:\/\/www.ifmarinvast.se\/orientering\/wp-json\/wp\/v2\/tags?post=1246"}],"curies":[{"name":"wp","href":"https:\/\/api.w.org\/{rel}","templated":true}]}}