{"id":1243,"date":"2006-10-04T00:00:00","date_gmt":"2006-10-03T22:00:00","guid":{"rendered":"http:\/\/ifmarinvast.se\/2016\/funktionarstraff-11-okt\/"},"modified":"2015-10-11T14:41:51","modified_gmt":"2015-10-11T12:41:51","slug":"funktionarstraff-11-okt","status":"publish","type":"post","link":"https:\/\/www.ifmarinvast.se\/orientering\/funktionarstraff-11-okt\/","title":{"rendered":"Funktion\u00e4rstr\u00e4ff 11 okt"},"content":{"rendered":"<p>Onsdagen 15 nov kommer vi att arrangera en etapp i ungdomens n\u00e4rnattcup. I v\u00e5r lilla klubb inneb\u00e4r det att vi kommer beh\u00f6va hj\u00e4lp av ganska m\u00e5nga som funktion\u00e4rer, till allt fr\u00e5n att s\u00e4tta ut kontroller, vara sjukv\u00e5rdare eller bara promenera runt i terr\u00e4ngen under kv\u00e4llen.<\/p>\n<p><b>Onsdagen 11 okt kl 18.30<\/b> har vi d\u00e4rf\u00f6r m\u00f6te i Nya P\u00e5velundsskolans kaf\u00e9, dit alla medlemmar \u00e4r v\u00e4lkomna. Vi kommer att fika och diskutera vilka arbetsuppgifter som finns, och vilka som kan g\u00f6ra vad. Meddela <a href='mailto:staffan@ifmv.nu'>Staffan<\/a> att du kommer, s\u00e5 r\u00e4cker fikan till alla!<\/p>\n<p>V\u00e4lkomna!<\/p>\n","protected":false},"excerpt":{"rendered":"<p>Onsdagen 15 nov kommer vi att arrangera en etapp i ungdomens n\u00e4rnattcup. I v\u00e5r lilla klubb inneb\u00e4r det att vi kommer beh\u00f6va hj\u00e4lp av ganska m\u00e5nga som funktion\u00e4rer, till allt [&hellip;]<\/p>\n","protected":false},"author":2,"featured_media":0,"comment_status":"open","ping_status":"open","sticky":false,"template":"","format":"standard","meta":{"footnotes":""},"categories":[262,1],"tags":[],"class_list":["post-1243","post","type-post","status-publish","format-standard","hentry","category-nyheter","category-okategoriserade"],"_links":{"self":[{"href":"https:\/\/www.ifmarinvast.se\/orientering\/wp-json\/wp\/v2\/posts\/1243","targetHints":{"allow":["GET"]}}],"collection":[{"href":"https:\/\/www.ifmarinvast.se\/orientering\/wp-json\/wp\/v2\/posts"}],"about":[{"href":"https:\/\/www.ifmarinvast.se\/orientering\/wp-json\/wp\/v2\/types\/post"}],"author":[{"embeddable":true,"href":"https:\/\/www.ifmarinvast.se\/orientering\/wp-json\/wp\/v2\/users\/2"}],"replies":[{"embeddable":true,"href":"https:\/\/www.ifmarinvast.se\/orientering\/wp-json\/wp\/v2\/comments?post=1243"}],"version-history":[{"count":1,"href":"https:\/\/www.ifmarinvast.se\/orientering\/wp-json\/wp\/v2\/posts\/1243\/revisions"}],"predecessor-version":[{"id":3058,"href":"https:\/\/www.ifmarinvast.se\/orientering\/wp-json\/wp\/v2\/posts\/1243\/revisions\/3058"}],"wp:attachment":[{"href":"https:\/\/www.ifmarinvast.se\/orientering\/wp-json\/wp\/v2\/media?parent=1243"}],"wp:term":[{"taxonomy":"category","embeddable":true,"href":"https:\/\/www.ifmarinvast.se\/orientering\/wp-json\/wp\/v2\/categories?post=1243"},{"taxonomy":"post_tag","embeddable":true,"href":"https:\/\/www.ifmarinvast.se\/orientering\/wp-json\/wp\/v2\/tags?post=1243"}],"curies":[{"name":"wp","href":"https:\/\/api.w.org\/{rel}","templated":true}]}}