{"id":1238,"date":"2006-09-30T00:00:00","date_gmt":"2006-09-29T22:00:00","guid":{"rendered":"http:\/\/ifmarinvast.se\/2016\/narnattcupen-2006\/"},"modified":"2015-10-11T14:41:51","modified_gmt":"2015-10-11T12:41:51","slug":"narnattcupen-2006","status":"publish","type":"post","link":"https:\/\/www.ifmarinvast.se\/orientering\/narnattcupen-2006\/","title":{"rendered":"N\u00e4rnattcupen 2006"},"content":{"rendered":"<p>Ni gl\u00f6mmer v\u00e4l inte ungdomens N\u00e4rnattcup? Fyra delt\u00e4vlingar i \u00e5r, den f\u00f6rsta g\u00e5r p\u00e5 Fr\u00f6lunda OLs Blandnatta fredagen 13 oktober. Se hela inbjudan p\u00e5 <a href='http:\/\/www.orienteringgoteborg.com\/sites.php?sites_id=18' target='_blank'>GOFs Ungdomssida<\/a>!<\/p>\n","protected":false},"excerpt":{"rendered":"<p>Ni gl\u00f6mmer v\u00e4l inte ungdomens N\u00e4rnattcup? Fyra delt\u00e4vlingar i \u00e5r, den f\u00f6rsta g\u00e5r p\u00e5 Fr\u00f6lunda OLs Blandnatta fredagen 13 oktober. Se hela inbjudan p\u00e5 GOFs Ungdomssida!<\/p>\n","protected":false},"author":2,"featured_media":0,"comment_status":"open","ping_status":"open","sticky":false,"template":"","format":"standard","meta":{"footnotes":""},"categories":[262,1],"tags":[],"class_list":["post-1238","post","type-post","status-publish","format-standard","hentry","category-nyheter","category-okategoriserade"],"_links":{"self":[{"href":"https:\/\/www.ifmarinvast.se\/orientering\/wp-json\/wp\/v2\/posts\/1238","targetHints":{"allow":["GET"]}}],"collection":[{"href":"https:\/\/www.ifmarinvast.se\/orientering\/wp-json\/wp\/v2\/posts"}],"about":[{"href":"https:\/\/www.ifmarinvast.se\/orientering\/wp-json\/wp\/v2\/types\/post"}],"author":[{"embeddable":true,"href":"https:\/\/www.ifmarinvast.se\/orientering\/wp-json\/wp\/v2\/users\/2"}],"replies":[{"embeddable":true,"href":"https:\/\/www.ifmarinvast.se\/orientering\/wp-json\/wp\/v2\/comments?post=1238"}],"version-history":[{"count":1,"href":"https:\/\/www.ifmarinvast.se\/orientering\/wp-json\/wp\/v2\/posts\/1238\/revisions"}],"predecessor-version":[{"id":1930,"href":"https:\/\/www.ifmarinvast.se\/orientering\/wp-json\/wp\/v2\/posts\/1238\/revisions\/1930"}],"wp:attachment":[{"href":"https:\/\/www.ifmarinvast.se\/orientering\/wp-json\/wp\/v2\/media?parent=1238"}],"wp:term":[{"taxonomy":"category","embeddable":true,"href":"https:\/\/www.ifmarinvast.se\/orientering\/wp-json\/wp\/v2\/categories?post=1238"},{"taxonomy":"post_tag","embeddable":true,"href":"https:\/\/www.ifmarinvast.se\/orientering\/wp-json\/wp\/v2\/tags?post=1238"}],"curies":[{"name":"wp","href":"https:\/\/api.w.org\/{rel}","templated":true}]}}