{"id":1226,"date":"2006-08-24T00:00:00","date_gmt":"2006-08-23T22:00:00","guid":{"rendered":"http:\/\/ifmarinvast.se\/2016\/torsdagstraning-budkavletraning\/"},"modified":"2015-10-11T14:41:52","modified_gmt":"2015-10-11T12:41:52","slug":"torsdagstraning-budkavletraning","status":"publish","type":"post","link":"https:\/\/www.ifmarinvast.se\/orientering\/torsdagstraning-budkavletraning\/","title":{"rendered":"Torsdagstr\u00e4ning &#8211; Budkavletr\u00e4ning"},"content":{"rendered":"<p>Torsdagen den 31\/8 \u00e4r det budkavletr\u00e4ning i Furulund, Partille. Samling vid v\u00e4rmeverket i Furulund, <a href='http:\/\/www.hitta.se\/LargeMap.aspx?ShowSatellite=false&#038;cx=1280513&#038;cy=6406164&#038;z=1'>karta.<\/a> V\u00e4gvisning fr\u00e5n Landvetterv\u00e4gen. Start kan ske mellan kl 17.30 och 18.30.<\/p>\n<p><b>F\u00f6r budkavletr\u00e4ningen g\u00e4ller:<\/b><br \/>Budkavletr\u00e4ningen g\u00e4ller endast vuxenbanorna (kort 3,6 km, mellan 4,4 km, l\u00e5ng 7,0 km) Gemensam start f\u00f6r budkavlebanorna kl 18.00. F\u00f6ranm\u00e4l dig till budkavletr\u00e4ningen till <a href='mailto:anders@ifmv.nu'>anders@ifmv.nu<\/a> s\u00e5 f\u00e5r du en f\u00e4rdigritad bana.<\/p>\n","protected":false},"excerpt":{"rendered":"<p>Torsdagen den 31\/8 \u00e4r det budkavletr\u00e4ning i Furulund, Partille. Samling vid v\u00e4rmeverket i Furulund, karta. V\u00e4gvisning fr\u00e5n Landvetterv\u00e4gen. Start kan ske mellan kl 17.30 och 18.30. F\u00f6r budkavletr\u00e4ningen g\u00e4ller:Budkavletr\u00e4ningen g\u00e4ller [&hellip;]<\/p>\n","protected":false},"author":2,"featured_media":0,"comment_status":"open","ping_status":"open","sticky":false,"template":"","format":"standard","meta":{"footnotes":""},"categories":[262,1],"tags":[],"class_list":["post-1226","post","type-post","status-publish","format-standard","hentry","category-nyheter","category-okategoriserade"],"_links":{"self":[{"href":"https:\/\/www.ifmarinvast.se\/orientering\/wp-json\/wp\/v2\/posts\/1226","targetHints":{"allow":["GET"]}}],"collection":[{"href":"https:\/\/www.ifmarinvast.se\/orientering\/wp-json\/wp\/v2\/posts"}],"about":[{"href":"https:\/\/www.ifmarinvast.se\/orientering\/wp-json\/wp\/v2\/types\/post"}],"author":[{"embeddable":true,"href":"https:\/\/www.ifmarinvast.se\/orientering\/wp-json\/wp\/v2\/users\/2"}],"replies":[{"embeddable":true,"href":"https:\/\/www.ifmarinvast.se\/orientering\/wp-json\/wp\/v2\/comments?post=1226"}],"version-history":[{"count":1,"href":"https:\/\/www.ifmarinvast.se\/orientering\/wp-json\/wp\/v2\/posts\/1226\/revisions"}],"predecessor-version":[{"id":3059,"href":"https:\/\/www.ifmarinvast.se\/orientering\/wp-json\/wp\/v2\/posts\/1226\/revisions\/3059"}],"wp:attachment":[{"href":"https:\/\/www.ifmarinvast.se\/orientering\/wp-json\/wp\/v2\/media?parent=1226"}],"wp:term":[{"taxonomy":"category","embeddable":true,"href":"https:\/\/www.ifmarinvast.se\/orientering\/wp-json\/wp\/v2\/categories?post=1226"},{"taxonomy":"post_tag","embeddable":true,"href":"https:\/\/www.ifmarinvast.se\/orientering\/wp-json\/wp\/v2\/tags?post=1226"}],"curies":[{"name":"wp","href":"https:\/\/api.w.org\/{rel}","templated":true}]}}