{"id":1215,"date":"2006-06-17T00:00:00","date_gmt":"2006-06-16T22:00:00","guid":{"rendered":"http:\/\/ifmarinvast.se\/2016\/ungdomarnas-varserie-2006\/"},"modified":"2015-10-11T14:42:09","modified_gmt":"2015-10-11T12:42:09","slug":"ungdomarnas-varserie-2006","status":"publish","type":"post","link":"https:\/\/www.ifmarinvast.se\/orientering\/ungdomarnas-varserie-2006\/","title":{"rendered":"Ungdomarnas v\u00e5rserie 2006"},"content":{"rendered":"<p>I \u00e5r sprang Bettina, Frida, Gustav, Martin, Nils, Vidar, Christopher och William E V\u00e5rserien f\u00f6r IFMV. Hoppas ni hade en kul t\u00e4vlingsserie!<\/p>\n<p>De som vill veta mer om v\u00e5rserien kan l\u00e4sa p\u00e5 orienteringsf\u00f6rbundets hemsida: <a href='http:\/\/www.orienteringgoteborg.com' target='_blank'>www.orienteringgoteborg.com<\/a> De sammanlagda resultaten finns till besk\u00e5dande <a href='http:\/\/www.orienteringgoteborg.com\/files\/sites\/varserien_2006_tot_resultat.htm' target='_blank'>h\u00e4r \u00bb <\/a><\/p>\n<p>Tack till v\u00e5ra ungdomsledare och ni f\u00f6r\u00e4ldrar som var med!<\/p>\n","protected":false},"excerpt":{"rendered":"<p>I \u00e5r sprang Bettina, Frida, Gustav, Martin, Nils, Vidar, Christopher och William E V\u00e5rserien f\u00f6r IFMV. Hoppas ni hade en kul t\u00e4vlingsserie! De som vill veta mer om v\u00e5rserien kan [&hellip;]<\/p>\n","protected":false},"author":2,"featured_media":0,"comment_status":"open","ping_status":"open","sticky":false,"template":"","format":"standard","meta":{"footnotes":""},"categories":[262,1],"tags":[],"class_list":["post-1215","post","type-post","status-publish","format-standard","hentry","category-nyheter","category-okategoriserade"],"_links":{"self":[{"href":"https:\/\/www.ifmarinvast.se\/orientering\/wp-json\/wp\/v2\/posts\/1215","targetHints":{"allow":["GET"]}}],"collection":[{"href":"https:\/\/www.ifmarinvast.se\/orientering\/wp-json\/wp\/v2\/posts"}],"about":[{"href":"https:\/\/www.ifmarinvast.se\/orientering\/wp-json\/wp\/v2\/types\/post"}],"author":[{"embeddable":true,"href":"https:\/\/www.ifmarinvast.se\/orientering\/wp-json\/wp\/v2\/users\/2"}],"replies":[{"embeddable":true,"href":"https:\/\/www.ifmarinvast.se\/orientering\/wp-json\/wp\/v2\/comments?post=1215"}],"version-history":[{"count":1,"href":"https:\/\/www.ifmarinvast.se\/orientering\/wp-json\/wp\/v2\/posts\/1215\/revisions"}],"predecessor-version":[{"id":1919,"href":"https:\/\/www.ifmarinvast.se\/orientering\/wp-json\/wp\/v2\/posts\/1215\/revisions\/1919"}],"wp:attachment":[{"href":"https:\/\/www.ifmarinvast.se\/orientering\/wp-json\/wp\/v2\/media?parent=1215"}],"wp:term":[{"taxonomy":"category","embeddable":true,"href":"https:\/\/www.ifmarinvast.se\/orientering\/wp-json\/wp\/v2\/categories?post=1215"},{"taxonomy":"post_tag","embeddable":true,"href":"https:\/\/www.ifmarinvast.se\/orientering\/wp-json\/wp\/v2\/tags?post=1215"}],"curies":[{"name":"wp","href":"https:\/\/api.w.org\/{rel}","templated":true}]}}