{"id":1213,"date":"2006-06-10T00:00:00","date_gmt":"2006-06-09T22:00:00","guid":{"rendered":"http:\/\/ifmarinvast.se\/2016\/varavslutningen\/"},"modified":"2015-10-11T14:42:09","modified_gmt":"2015-10-11T12:42:09","slug":"varavslutningen","status":"publish","type":"post","link":"https:\/\/www.ifmarinvast.se\/orientering\/varavslutningen\/","title":{"rendered":"V\u00e5ravslutningen"},"content":{"rendered":"<p>Tack alla ni som gjorde ett s\u00e5 bra jobb med v\u00e5r avslutning! Roliga banor, en massa god korv och saft. Kul att s\u00e5 m\u00e5nga kom!<\/p>\n<p><a href='http:\/\/ifmv.myphotos.cc\/bilder\/main.php\/v\/varavslutning_2006-06-10\/' target='_blank'><img src='http:\/\/ifmv.myphotos.cc\/bilder\/main.php?g2_view=core.DownloadItem&#038;g2_itemId=25431&#038;g2_serialNumber=2' border='0' align='right'><\/a>Gl\u00f6m inte att kontakta Staffan omedelbart f\u00f6r kl\u00e4dbest\u00e4llningar och ev utprovning.<\/p>\n<p>Annars \u00f6nskas alla en h\u00e4rlig sommar, s\u00e5 syns vi p\u00e5 sommart\u00e4vlingarna och DM i augusti.<\/p>\n","protected":false},"excerpt":{"rendered":"<p>Tack alla ni som gjorde ett s\u00e5 bra jobb med v\u00e5r avslutning! Roliga banor, en massa god korv och saft. Kul att s\u00e5 m\u00e5nga kom! Gl\u00f6m inte att kontakta Staffan [&hellip;]<\/p>\n","protected":false},"author":2,"featured_media":0,"comment_status":"open","ping_status":"open","sticky":false,"template":"","format":"standard","meta":{"footnotes":""},"categories":[262,1],"tags":[],"class_list":["post-1213","post","type-post","status-publish","format-standard","hentry","category-nyheter","category-okategoriserade"],"_links":{"self":[{"href":"https:\/\/www.ifmarinvast.se\/orientering\/wp-json\/wp\/v2\/posts\/1213","targetHints":{"allow":["GET"]}}],"collection":[{"href":"https:\/\/www.ifmarinvast.se\/orientering\/wp-json\/wp\/v2\/posts"}],"about":[{"href":"https:\/\/www.ifmarinvast.se\/orientering\/wp-json\/wp\/v2\/types\/post"}],"author":[{"embeddable":true,"href":"https:\/\/www.ifmarinvast.se\/orientering\/wp-json\/wp\/v2\/users\/2"}],"replies":[{"embeddable":true,"href":"https:\/\/www.ifmarinvast.se\/orientering\/wp-json\/wp\/v2\/comments?post=1213"}],"version-history":[{"count":1,"href":"https:\/\/www.ifmarinvast.se\/orientering\/wp-json\/wp\/v2\/posts\/1213\/revisions"}],"predecessor-version":[{"id":3060,"href":"https:\/\/www.ifmarinvast.se\/orientering\/wp-json\/wp\/v2\/posts\/1213\/revisions\/3060"}],"wp:attachment":[{"href":"https:\/\/www.ifmarinvast.se\/orientering\/wp-json\/wp\/v2\/media?parent=1213"}],"wp:term":[{"taxonomy":"category","embeddable":true,"href":"https:\/\/www.ifmarinvast.se\/orientering\/wp-json\/wp\/v2\/categories?post=1213"},{"taxonomy":"post_tag","embeddable":true,"href":"https:\/\/www.ifmarinvast.se\/orientering\/wp-json\/wp\/v2\/tags?post=1213"}],"curies":[{"name":"wp","href":"https:\/\/api.w.org\/{rel}","templated":true}]}}