{"id":1210,"date":"2006-05-27T00:00:00","date_gmt":"2006-05-26T22:00:00","guid":{"rendered":"http:\/\/ifmarinvast.se\/2016\/ifmvnu-lanserar-nytt-fotoalbum\/"},"modified":"2015-10-11T14:42:09","modified_gmt":"2015-10-11T12:42:09","slug":"ifmvnu-lanserar-nytt-fotoalbum","status":"publish","type":"post","link":"https:\/\/www.ifmarinvast.se\/orientering\/ifmvnu-lanserar-nytt-fotoalbum\/","title":{"rendered":"ifmv.nu lanserar nytt fotoalbum"},"content":{"rendered":"<p>Sedan en tid tillbaka har vi betatestat v\u00e5rt nya fotosystem h\u00e4r p\u00e5 hemsidan. De bes\u00f6kare som har varit uppm\u00e4rksamma har sett l\u00e4nken fr\u00e5n fotoalbumsidan.<\/p>\n<p>Idag har systemet driftsatts p\u00e5 riktigt och \u00e4r nu redo att ta emot alla som \u00e4r sugna p\u00e5 att titta p\u00e5 gamla och nya klubbilder.<\/p>\n<p>M\u00e5let med det nya fotosystemet \u00e4r att alla v\u00e5ra bilder alltid skall finnas tillg\u00e4ngliga. \u00c4ven de riktigt, riktigt gamla. Det g\u00e5r \u00e4ven att s\u00f6ka i bildtexterna s\u00e5 att man snabbt skall kunna hitta de bilder man vill ha.<\/p>\n<p><strong>Just nu finns det 6134 bilder i albumet!<\/strong><\/p>\n<p>Testa sj\u00e4lv p\u00e5 <a href='http:\/\/ifmv.myphotos.cc\/bilder\/' target='_top'>ifmv.myphotos.cc\/bilder\/ \u00bb<\/a><\/p>\n","protected":false},"excerpt":{"rendered":"<p>Sedan en tid tillbaka har vi betatestat v\u00e5rt nya fotosystem h\u00e4r p\u00e5 hemsidan. De bes\u00f6kare som har varit uppm\u00e4rksamma har sett l\u00e4nken fr\u00e5n fotoalbumsidan. Idag har systemet driftsatts p\u00e5 riktigt [&hellip;]<\/p>\n","protected":false},"author":2,"featured_media":0,"comment_status":"open","ping_status":"open","sticky":false,"template":"","format":"standard","meta":{"footnotes":""},"categories":[262,1],"tags":[],"class_list":["post-1210","post","type-post","status-publish","format-standard","hentry","category-nyheter","category-okategoriserade"],"_links":{"self":[{"href":"https:\/\/www.ifmarinvast.se\/orientering\/wp-json\/wp\/v2\/posts\/1210","targetHints":{"allow":["GET"]}}],"collection":[{"href":"https:\/\/www.ifmarinvast.se\/orientering\/wp-json\/wp\/v2\/posts"}],"about":[{"href":"https:\/\/www.ifmarinvast.se\/orientering\/wp-json\/wp\/v2\/types\/post"}],"author":[{"embeddable":true,"href":"https:\/\/www.ifmarinvast.se\/orientering\/wp-json\/wp\/v2\/users\/2"}],"replies":[{"embeddable":true,"href":"https:\/\/www.ifmarinvast.se\/orientering\/wp-json\/wp\/v2\/comments?post=1210"}],"version-history":[{"count":1,"href":"https:\/\/www.ifmarinvast.se\/orientering\/wp-json\/wp\/v2\/posts\/1210\/revisions"}],"predecessor-version":[{"id":1916,"href":"https:\/\/www.ifmarinvast.se\/orientering\/wp-json\/wp\/v2\/posts\/1210\/revisions\/1916"}],"wp:attachment":[{"href":"https:\/\/www.ifmarinvast.se\/orientering\/wp-json\/wp\/v2\/media?parent=1210"}],"wp:term":[{"taxonomy":"category","embeddable":true,"href":"https:\/\/www.ifmarinvast.se\/orientering\/wp-json\/wp\/v2\/categories?post=1210"},{"taxonomy":"post_tag","embeddable":true,"href":"https:\/\/www.ifmarinvast.se\/orientering\/wp-json\/wp\/v2\/tags?post=1210"}],"curies":[{"name":"wp","href":"https:\/\/api.w.org\/{rel}","templated":true}]}}