{"id":1209,"date":"2006-05-24T00:00:00","date_gmt":"2006-05-23T22:00:00","guid":{"rendered":"http:\/\/ifmarinvast.se\/2016\/varavslutning-10-juni\/"},"modified":"2015-10-11T14:42:09","modified_gmt":"2015-10-11T12:42:09","slug":"varavslutning-10-juni","status":"publish","type":"post","link":"https:\/\/www.ifmarinvast.se\/orientering\/varavslutning-10-juni\/","title":{"rendered":"V\u00e5ravslutning 10 juni"},"content":{"rendered":"<p>Det b\u00f6rjar n\u00e4rma sig v\u00e5ravslutning o klubbtr\u00e4ning, s\u00e5 se till att boka in<\/p>\n<p><b>l\u00f6rdagen 10 juni, start kl 11-12<\/b><\/p>\n<p>vid Delsj\u00f6ns badplats. F\u00f6rutom orienteringsbanor f\u00f6r alla blir det n\u00e5got att \u00e4ta, lite snack, avslutning f\u00f6r ungdomsgrupperna o allm\u00e4nt trevligt &#8211; precis som vanligt!<\/p>\n<p>Alla medlemmar \u00e4r hj\u00e4rtligt v\u00e4lkomna!<\/p>\n","protected":false},"excerpt":{"rendered":"<p>Det b\u00f6rjar n\u00e4rma sig v\u00e5ravslutning o klubbtr\u00e4ning, s\u00e5 se till att boka in l\u00f6rdagen 10 juni, start kl 11-12 vid Delsj\u00f6ns badplats. F\u00f6rutom orienteringsbanor f\u00f6r alla blir det n\u00e5got att [&hellip;]<\/p>\n","protected":false},"author":2,"featured_media":0,"comment_status":"open","ping_status":"open","sticky":false,"template":"","format":"standard","meta":{"footnotes":""},"categories":[262,1],"tags":[],"class_list":["post-1209","post","type-post","status-publish","format-standard","hentry","category-nyheter","category-okategoriserade"],"_links":{"self":[{"href":"https:\/\/www.ifmarinvast.se\/orientering\/wp-json\/wp\/v2\/posts\/1209","targetHints":{"allow":["GET"]}}],"collection":[{"href":"https:\/\/www.ifmarinvast.se\/orientering\/wp-json\/wp\/v2\/posts"}],"about":[{"href":"https:\/\/www.ifmarinvast.se\/orientering\/wp-json\/wp\/v2\/types\/post"}],"author":[{"embeddable":true,"href":"https:\/\/www.ifmarinvast.se\/orientering\/wp-json\/wp\/v2\/users\/2"}],"replies":[{"embeddable":true,"href":"https:\/\/www.ifmarinvast.se\/orientering\/wp-json\/wp\/v2\/comments?post=1209"}],"version-history":[{"count":1,"href":"https:\/\/www.ifmarinvast.se\/orientering\/wp-json\/wp\/v2\/posts\/1209\/revisions"}],"predecessor-version":[{"id":1915,"href":"https:\/\/www.ifmarinvast.se\/orientering\/wp-json\/wp\/v2\/posts\/1209\/revisions\/1915"}],"wp:attachment":[{"href":"https:\/\/www.ifmarinvast.se\/orientering\/wp-json\/wp\/v2\/media?parent=1209"}],"wp:term":[{"taxonomy":"category","embeddable":true,"href":"https:\/\/www.ifmarinvast.se\/orientering\/wp-json\/wp\/v2\/categories?post=1209"},{"taxonomy":"post_tag","embeddable":true,"href":"https:\/\/www.ifmarinvast.se\/orientering\/wp-json\/wp\/v2\/tags?post=1209"}],"curies":[{"name":"wp","href":"https:\/\/api.w.org\/{rel}","templated":true}]}}