{"id":1208,"date":"2006-05-22T00:00:00","date_gmt":"2006-05-21T22:00:00","guid":{"rendered":"http:\/\/ifmarinvast.se\/2016\/sprint-dm-lite-regn-och-langa-banor\/"},"modified":"2015-10-11T14:42:10","modified_gmt":"2015-10-11T12:42:10","slug":"sprint-dm-lite-regn-och-langa-banor","status":"publish","type":"post","link":"https:\/\/www.ifmarinvast.se\/orientering\/sprint-dm-lite-regn-och-langa-banor\/","title":{"rendered":"Sprint-DM: lite regn och l\u00e5nga banor"},"content":{"rendered":"<p>Vi hade \u00e5tta glada deltagare i sn\u00e5lbl\u00e5sten p\u00e5 sprintDM i torsdags, kul att se! Sj\u00e4lv kom jag f\u00f6r sent f\u00f6r att tr\u00e4ffa er andra s\u00e5 jag hoppas ni hade en bra t\u00e4vling.<\/p>\n<p>Om ni tycker att det tog l\u00e5ng tid att springa s\u00e5 korta banor verkar det dock finnas en f\u00f6rklaring; kartskalan var tydligen fel. Se diskussionen i <a href='http:\/\/hem.passagen.se\/guestbook\/frolundaol.html' target='_blank'>Fr\u00f6lunda Ols g\u00e4stbok<\/a>, s\u00e5 kan ni ju roa er sedan med att r\u00e4kna ut hur l\u00e5ngt ni egentligen sprang! \ud83d\ude09<\/p>\n","protected":false},"excerpt":{"rendered":"<p>Vi hade \u00e5tta glada deltagare i sn\u00e5lbl\u00e5sten p\u00e5 sprintDM i torsdags, kul att se! Sj\u00e4lv kom jag f\u00f6r sent f\u00f6r att tr\u00e4ffa er andra s\u00e5 jag hoppas ni hade en [&hellip;]<\/p>\n","protected":false},"author":2,"featured_media":0,"comment_status":"open","ping_status":"open","sticky":false,"template":"","format":"standard","meta":{"footnotes":""},"categories":[262,1],"tags":[],"class_list":["post-1208","post","type-post","status-publish","format-standard","hentry","category-nyheter","category-okategoriserade"],"_links":{"self":[{"href":"https:\/\/www.ifmarinvast.se\/orientering\/wp-json\/wp\/v2\/posts\/1208","targetHints":{"allow":["GET"]}}],"collection":[{"href":"https:\/\/www.ifmarinvast.se\/orientering\/wp-json\/wp\/v2\/posts"}],"about":[{"href":"https:\/\/www.ifmarinvast.se\/orientering\/wp-json\/wp\/v2\/types\/post"}],"author":[{"embeddable":true,"href":"https:\/\/www.ifmarinvast.se\/orientering\/wp-json\/wp\/v2\/users\/2"}],"replies":[{"embeddable":true,"href":"https:\/\/www.ifmarinvast.se\/orientering\/wp-json\/wp\/v2\/comments?post=1208"}],"version-history":[{"count":1,"href":"https:\/\/www.ifmarinvast.se\/orientering\/wp-json\/wp\/v2\/posts\/1208\/revisions"}],"predecessor-version":[{"id":3061,"href":"https:\/\/www.ifmarinvast.se\/orientering\/wp-json\/wp\/v2\/posts\/1208\/revisions\/3061"}],"wp:attachment":[{"href":"https:\/\/www.ifmarinvast.se\/orientering\/wp-json\/wp\/v2\/media?parent=1208"}],"wp:term":[{"taxonomy":"category","embeddable":true,"href":"https:\/\/www.ifmarinvast.se\/orientering\/wp-json\/wp\/v2\/categories?post=1208"},{"taxonomy":"post_tag","embeddable":true,"href":"https:\/\/www.ifmarinvast.se\/orientering\/wp-json\/wp\/v2\/tags?post=1208"}],"curies":[{"name":"wp","href":"https:\/\/api.w.org\/{rel}","templated":true}]}}