{"id":1207,"date":"2006-05-20T00:00:00","date_gmt":"2006-05-19T22:00:00","guid":{"rendered":"http:\/\/ifmarinvast.se\/2016\/dubbelseger-i-ol-skytte-dm\/"},"modified":"2015-10-11T14:42:10","modified_gmt":"2015-10-11T12:42:10","slug":"dubbelseger-i-ol-skytte-dm","status":"publish","type":"post","link":"https:\/\/www.ifmarinvast.se\/orientering\/dubbelseger-i-ol-skytte-dm\/","title":{"rendered":"Dubbelseger i OL-skytte-DM!!"},"content":{"rendered":"<p>Idag avgjordes DM i orienteringsskytte med deltagande fr\u00e5n klubben i form av Anders, Anders och Fredrik. Fredrik blev distriktsm\u00e4stare i H20 och Anders kom p\u00e5 andra plats strax bakom. Ett stort grattis till denna fina dubbelseger.<\/p>\n<p>Bilder fr\u00e5n t\u00e4vlingen finns i <a href='http:\/\/ifmv.myphotos.cc\/bilder\/main.php\/v\/album_034\/'>fotoalbumet<\/a>.<\/p>\n","protected":false},"excerpt":{"rendered":"<p>Idag avgjordes DM i orienteringsskytte med deltagande fr\u00e5n klubben i form av Anders, Anders och Fredrik. Fredrik blev distriktsm\u00e4stare i H20 och Anders kom p\u00e5 andra plats strax bakom. Ett [&hellip;]<\/p>\n","protected":false},"author":2,"featured_media":0,"comment_status":"open","ping_status":"open","sticky":false,"template":"","format":"standard","meta":{"footnotes":""},"categories":[262,1],"tags":[],"class_list":["post-1207","post","type-post","status-publish","format-standard","hentry","category-nyheter","category-okategoriserade"],"_links":{"self":[{"href":"https:\/\/www.ifmarinvast.se\/orientering\/wp-json\/wp\/v2\/posts\/1207","targetHints":{"allow":["GET"]}}],"collection":[{"href":"https:\/\/www.ifmarinvast.se\/orientering\/wp-json\/wp\/v2\/posts"}],"about":[{"href":"https:\/\/www.ifmarinvast.se\/orientering\/wp-json\/wp\/v2\/types\/post"}],"author":[{"embeddable":true,"href":"https:\/\/www.ifmarinvast.se\/orientering\/wp-json\/wp\/v2\/users\/2"}],"replies":[{"embeddable":true,"href":"https:\/\/www.ifmarinvast.se\/orientering\/wp-json\/wp\/v2\/comments?post=1207"}],"version-history":[{"count":1,"href":"https:\/\/www.ifmarinvast.se\/orientering\/wp-json\/wp\/v2\/posts\/1207\/revisions"}],"predecessor-version":[{"id":1914,"href":"https:\/\/www.ifmarinvast.se\/orientering\/wp-json\/wp\/v2\/posts\/1207\/revisions\/1914"}],"wp:attachment":[{"href":"https:\/\/www.ifmarinvast.se\/orientering\/wp-json\/wp\/v2\/media?parent=1207"}],"wp:term":[{"taxonomy":"category","embeddable":true,"href":"https:\/\/www.ifmarinvast.se\/orientering\/wp-json\/wp\/v2\/categories?post=1207"},{"taxonomy":"post_tag","embeddable":true,"href":"https:\/\/www.ifmarinvast.se\/orientering\/wp-json\/wp\/v2\/tags?post=1207"}],"curies":[{"name":"wp","href":"https:\/\/api.w.org\/{rel}","templated":true}]}}