{"id":1197,"date":"2006-04-24T00:00:00","date_gmt":"2006-04-23T22:00:00","guid":{"rendered":"http:\/\/ifmarinvast.se\/2016\/klubbtraningen-flyttad\/"},"modified":"2015-10-11T14:42:10","modified_gmt":"2015-10-11T12:42:10","slug":"klubbtraningen-flyttad","status":"publish","type":"post","link":"https:\/\/www.ifmarinvast.se\/orientering\/klubbtraningen-flyttad\/","title":{"rendered":"Klubbtr\u00e4ningen flyttad!"},"content":{"rendered":"<p>L\u00f6rdagstr\u00e4ningen som skulle h\u00e5llits den 29 april har nu blivit en s\u00f6ndagstr\u00e4ning! Eftersom t\u00e4vlingss\u00e4songen har krympt ihop i \u00e5r vill vi inte l\u00e4gga tr\u00e4ningen samma dag som en av de sista stora t\u00e4vlingarna. Ungdomsgrupperna har dock tr\u00e4ning i P\u00e5velund.<\/p>\n<p>Passa p\u00e5 att efteranm\u00e4la er till <a href='http:\/\/www.ifmv.nu\/tavling\/index.asp?id=1145'>Bor\u00e5s t\u00e4vling<\/a> ist\u00e4llet, s\u00e5 \u00e4r ni v\u00e4lkomna p\u00e5 klubbtr\u00e4ning <b>s\u00f6ndagen 14 maj kl 11-12<\/b>. D\u00e5 finns banor f\u00f6r hela familjen!<\/p>\n","protected":false},"excerpt":{"rendered":"<p>L\u00f6rdagstr\u00e4ningen som skulle h\u00e5llits den 29 april har nu blivit en s\u00f6ndagstr\u00e4ning! Eftersom t\u00e4vlingss\u00e4songen har krympt ihop i \u00e5r vill vi inte l\u00e4gga tr\u00e4ningen samma dag som en av de [&hellip;]<\/p>\n","protected":false},"author":2,"featured_media":0,"comment_status":"open","ping_status":"open","sticky":false,"template":"","format":"standard","meta":{"footnotes":""},"categories":[262,1],"tags":[],"class_list":["post-1197","post","type-post","status-publish","format-standard","hentry","category-nyheter","category-okategoriserade"],"_links":{"self":[{"href":"https:\/\/www.ifmarinvast.se\/orientering\/wp-json\/wp\/v2\/posts\/1197","targetHints":{"allow":["GET"]}}],"collection":[{"href":"https:\/\/www.ifmarinvast.se\/orientering\/wp-json\/wp\/v2\/posts"}],"about":[{"href":"https:\/\/www.ifmarinvast.se\/orientering\/wp-json\/wp\/v2\/types\/post"}],"author":[{"embeddable":true,"href":"https:\/\/www.ifmarinvast.se\/orientering\/wp-json\/wp\/v2\/users\/2"}],"replies":[{"embeddable":true,"href":"https:\/\/www.ifmarinvast.se\/orientering\/wp-json\/wp\/v2\/comments?post=1197"}],"version-history":[{"count":1,"href":"https:\/\/www.ifmarinvast.se\/orientering\/wp-json\/wp\/v2\/posts\/1197\/revisions"}],"predecessor-version":[{"id":3063,"href":"https:\/\/www.ifmarinvast.se\/orientering\/wp-json\/wp\/v2\/posts\/1197\/revisions\/3063"}],"wp:attachment":[{"href":"https:\/\/www.ifmarinvast.se\/orientering\/wp-json\/wp\/v2\/media?parent=1197"}],"wp:term":[{"taxonomy":"category","embeddable":true,"href":"https:\/\/www.ifmarinvast.se\/orientering\/wp-json\/wp\/v2\/categories?post=1197"},{"taxonomy":"post_tag","embeddable":true,"href":"https:\/\/www.ifmarinvast.se\/orientering\/wp-json\/wp\/v2\/tags?post=1197"}],"curies":[{"name":"wp","href":"https:\/\/api.w.org\/{rel}","templated":true}]}}