{"id":1186,"date":"2006-04-08T00:00:00","date_gmt":"2006-04-07T22:00:00","guid":{"rendered":"http:\/\/ifmarinvast.se\/2016\/tavlingspremiaren-avklarad\/"},"modified":"2015-10-11T14:42:21","modified_gmt":"2015-10-11T12:42:21","slug":"tavlingspremiaren-avklarad","status":"publish","type":"post","link":"https:\/\/www.ifmarinvast.se\/orientering\/tavlingspremiaren-avklarad\/","title":{"rendered":"T\u00e4vlingspremi\u00e4ren avklarad!"},"content":{"rendered":"<p><a href='http:\/\/klas.myphotos.cc\/ifmv\/www\/album\/album\/2006-04-09-2\/2006-04-09-2.html' target='_blank'><img src='pic\/anders8apr06.jpg' border='1' align='right'><\/a>Idag arrangerade SAIK \u00e5rets f\u00f6rsta riktiga t\u00e4vling. En medeldistans vid j\u00e4rnv\u00e4gen i Jonsered. Regnet och solen t\u00e4vlade med varandra hela morgonen, men tillslut vann regnet.<\/p>\n<p>Klubbens insats stod Klas och Anders f\u00f6r. Anders slog till med dubbel premi\u00e4r, f\u00f6rsta t\u00e4vlingen f\u00f6r s\u00e4songen och f\u00f6rsta t\u00e4vlingen med de nya Integralskorna. Maria h\u00f6ll st\u00e4llningarna p\u00e5 TC som penicillindopad supporter.<\/p>\n<p>Nu n\u00e4r t\u00e4vlingspremi\u00e4ren \u00e4r avklarad \u00e4r det h\u00f6g tid att g\u00e5 igenom <a href='tavling\/'>t\u00e4vlingskalendern<\/a> h\u00e4r p\u00e5 hemsidan och boka in och anm\u00e4la sig till allt!<\/p>\n<p>Vi ses i Surte p\u00e5 p\u00e5skafton!<\/p>\n","protected":false},"excerpt":{"rendered":"<p>Idag arrangerade SAIK \u00e5rets f\u00f6rsta riktiga t\u00e4vling. En medeldistans vid j\u00e4rnv\u00e4gen i Jonsered. Regnet och solen t\u00e4vlade med varandra hela morgonen, men tillslut vann regnet. Klubbens insats stod Klas och [&hellip;]<\/p>\n","protected":false},"author":2,"featured_media":0,"comment_status":"open","ping_status":"open","sticky":false,"template":"","format":"standard","meta":{"footnotes":""},"categories":[262,1],"tags":[],"class_list":["post-1186","post","type-post","status-publish","format-standard","hentry","category-nyheter","category-okategoriserade"],"_links":{"self":[{"href":"https:\/\/www.ifmarinvast.se\/orientering\/wp-json\/wp\/v2\/posts\/1186","targetHints":{"allow":["GET"]}}],"collection":[{"href":"https:\/\/www.ifmarinvast.se\/orientering\/wp-json\/wp\/v2\/posts"}],"about":[{"href":"https:\/\/www.ifmarinvast.se\/orientering\/wp-json\/wp\/v2\/types\/post"}],"author":[{"embeddable":true,"href":"https:\/\/www.ifmarinvast.se\/orientering\/wp-json\/wp\/v2\/users\/2"}],"replies":[{"embeddable":true,"href":"https:\/\/www.ifmarinvast.se\/orientering\/wp-json\/wp\/v2\/comments?post=1186"}],"version-history":[{"count":1,"href":"https:\/\/www.ifmarinvast.se\/orientering\/wp-json\/wp\/v2\/posts\/1186\/revisions"}],"predecessor-version":[{"id":3066,"href":"https:\/\/www.ifmarinvast.se\/orientering\/wp-json\/wp\/v2\/posts\/1186\/revisions\/3066"}],"wp:attachment":[{"href":"https:\/\/www.ifmarinvast.se\/orientering\/wp-json\/wp\/v2\/media?parent=1186"}],"wp:term":[{"taxonomy":"category","embeddable":true,"href":"https:\/\/www.ifmarinvast.se\/orientering\/wp-json\/wp\/v2\/categories?post=1186"},{"taxonomy":"post_tag","embeddable":true,"href":"https:\/\/www.ifmarinvast.se\/orientering\/wp-json\/wp\/v2\/tags?post=1186"}],"curies":[{"name":"wp","href":"https:\/\/api.w.org\/{rel}","templated":true}]}}