{"id":1183,"date":"2006-04-03T00:00:00","date_gmt":"2006-04-02T22:00:00","guid":{"rendered":"http:\/\/ifmarinvast.se\/2016\/1083\/"},"modified":"2015-10-11T14:42:22","modified_gmt":"2015-10-11T12:42:22","slug":"1083","status":"publish","type":"post","link":"https:\/\/www.ifmarinvast.se\/orientering\/1083\/","title":{"rendered":"Nya bud 3 april: Alehof flyttar numera sin t\u00e4vlin&#8230;"},"content":{"rendered":"<p><b>Nya bud 3 april:<\/b> Alehof flyttar numera sin t\u00e4vling till p\u00e5skafton! Annandagens klubbt\u00e4vling ligger kvar!<br \/><strike>OK Alehofs t\u00e4vling (klubbt\u00e4vling 2) som skulle g\u00e5tt 2 april har nu flyttats till annandag p\u00e5sk 17 april, samma dag som klubbt\u00e4vling 3 (OK L\u00f6ftan) g\u00e5r! H\u00e4ngde ni med? Kolla g\u00e4rna sj\u00e4lva: <a href='http:\/\/alehof.se\/' target='_blank'>Alehofs hemsida<\/a><\/strike><\/p>\n","protected":false},"excerpt":{"rendered":"<p>Nya bud 3 april: Alehof flyttar numera sin t\u00e4vling till p\u00e5skafton! Annandagens klubbt\u00e4vling ligger kvar!OK Alehofs t\u00e4vling (klubbt\u00e4vling 2) som skulle g\u00e5tt 2 april har nu flyttats till annandag p\u00e5sk [&hellip;]<\/p>\n","protected":false},"author":2,"featured_media":0,"comment_status":"open","ping_status":"open","sticky":false,"template":"","format":"standard","meta":{"footnotes":""},"categories":[262,1],"tags":[],"class_list":["post-1183","post","type-post","status-publish","format-standard","hentry","category-nyheter","category-okategoriserade"],"_links":{"self":[{"href":"https:\/\/www.ifmarinvast.se\/orientering\/wp-json\/wp\/v2\/posts\/1183","targetHints":{"allow":["GET"]}}],"collection":[{"href":"https:\/\/www.ifmarinvast.se\/orientering\/wp-json\/wp\/v2\/posts"}],"about":[{"href":"https:\/\/www.ifmarinvast.se\/orientering\/wp-json\/wp\/v2\/types\/post"}],"author":[{"embeddable":true,"href":"https:\/\/www.ifmarinvast.se\/orientering\/wp-json\/wp\/v2\/users\/2"}],"replies":[{"embeddable":true,"href":"https:\/\/www.ifmarinvast.se\/orientering\/wp-json\/wp\/v2\/comments?post=1183"}],"version-history":[{"count":1,"href":"https:\/\/www.ifmarinvast.se\/orientering\/wp-json\/wp\/v2\/posts\/1183\/revisions"}],"predecessor-version":[{"id":1906,"href":"https:\/\/www.ifmarinvast.se\/orientering\/wp-json\/wp\/v2\/posts\/1183\/revisions\/1906"}],"wp:attachment":[{"href":"https:\/\/www.ifmarinvast.se\/orientering\/wp-json\/wp\/v2\/media?parent=1183"}],"wp:term":[{"taxonomy":"category","embeddable":true,"href":"https:\/\/www.ifmarinvast.se\/orientering\/wp-json\/wp\/v2\/categories?post=1183"},{"taxonomy":"post_tag","embeddable":true,"href":"https:\/\/www.ifmarinvast.se\/orientering\/wp-json\/wp\/v2\/tags?post=1183"}],"curies":[{"name":"wp","href":"https:\/\/api.w.org\/{rel}","templated":true}]}}