{"id":1176,"date":"2006-03-28T00:00:00","date_gmt":"2006-03-27T22:00:00","guid":{"rendered":"http:\/\/ifmarinvast.se\/2016\/nu-borjar-torsdagstraningarna\/"},"modified":"2015-10-11T14:42:22","modified_gmt":"2015-10-11T12:42:22","slug":"nu-borjar-torsdagstraningarna","status":"publish","type":"post","link":"https:\/\/www.ifmarinvast.se\/orientering\/nu-borjar-torsdagstraningarna\/","title":{"rendered":"Nu b\u00f6rjar torsdagstr\u00e4ningarna!"},"content":{"rendered":"<p>V\u00e5ra tekniktr\u00e4ningar tillsammans med Fr\u00f6lunda, Herkules o Uven drar ig\u00e5ng f\u00f6r s\u00e4songen. F\u00f6rst ut \u00e4r ett pass vid K\u00e5llereds ishall nu p\u00e5 torsdag 30\/3. Fri start mellan 17.30 och 18.30, det finns banor f\u00f6r alla!<\/p>\n<p>V\u00e4lkomna till s\u00e4songsstarten!<\/p>\n","protected":false},"excerpt":{"rendered":"<p>V\u00e5ra tekniktr\u00e4ningar tillsammans med Fr\u00f6lunda, Herkules o Uven drar ig\u00e5ng f\u00f6r s\u00e4songen. F\u00f6rst ut \u00e4r ett pass vid K\u00e5llereds ishall nu p\u00e5 torsdag 30\/3. Fri start mellan 17.30 och 18.30, [&hellip;]<\/p>\n","protected":false},"author":2,"featured_media":0,"comment_status":"open","ping_status":"open","sticky":false,"template":"","format":"standard","meta":{"footnotes":""},"categories":[262,1],"tags":[],"class_list":["post-1176","post","type-post","status-publish","format-standard","hentry","category-nyheter","category-okategoriserade"],"_links":{"self":[{"href":"https:\/\/www.ifmarinvast.se\/orientering\/wp-json\/wp\/v2\/posts\/1176","targetHints":{"allow":["GET"]}}],"collection":[{"href":"https:\/\/www.ifmarinvast.se\/orientering\/wp-json\/wp\/v2\/posts"}],"about":[{"href":"https:\/\/www.ifmarinvast.se\/orientering\/wp-json\/wp\/v2\/types\/post"}],"author":[{"embeddable":true,"href":"https:\/\/www.ifmarinvast.se\/orientering\/wp-json\/wp\/v2\/users\/2"}],"replies":[{"embeddable":true,"href":"https:\/\/www.ifmarinvast.se\/orientering\/wp-json\/wp\/v2\/comments?post=1176"}],"version-history":[{"count":1,"href":"https:\/\/www.ifmarinvast.se\/orientering\/wp-json\/wp\/v2\/posts\/1176\/revisions"}],"predecessor-version":[{"id":1902,"href":"https:\/\/www.ifmarinvast.se\/orientering\/wp-json\/wp\/v2\/posts\/1176\/revisions\/1902"}],"wp:attachment":[{"href":"https:\/\/www.ifmarinvast.se\/orientering\/wp-json\/wp\/v2\/media?parent=1176"}],"wp:term":[{"taxonomy":"category","embeddable":true,"href":"https:\/\/www.ifmarinvast.se\/orientering\/wp-json\/wp\/v2\/categories?post=1176"},{"taxonomy":"post_tag","embeddable":true,"href":"https:\/\/www.ifmarinvast.se\/orientering\/wp-json\/wp\/v2\/tags?post=1176"}],"curies":[{"name":"wp","href":"https:\/\/api.w.org\/{rel}","templated":true}]}}